{"id":698,"date":"2016-12-27T13:49:07","date_gmt":"2016-12-27T13:49:07","guid":{"rendered":"http:\/\/biblioteka.witnica.pl\/?p=698"},"modified":"2019-02-06T13:54:52","modified_gmt":"2019-02-06T13:54:52","slug":"wielka-polityka-w-malym-miescie","status":"publish","type":"post","link":"https:\/\/biblioteka.witnica.pl\/?p=698","title":{"rendered":"Wielka polityka w ma\u0142ym mie\u015bcie"},"content":{"rendered":"<p>13 grudnia w Miejskiej Bibliotece Publicznej w Witnicy historyk Zbigniew Czarnuch wyg\u0142osi\u0142 drugi wyk\u0142ad po\u015bwi\u0119cony witnickim poczt\u00f3wkom.<\/p>\n<p><img loading=\"lazy\" class=\"alignnone size-medium wp-image-699 aligncenter\" src=\"http:\/\/biblioteka.witnica.pl\/wp-content\/uploads\/2019\/02\/1-7-300x184.jpg\" alt=\"\" width=\"300\" height=\"184\" srcset=\"https:\/\/biblioteka.witnica.pl\/wp-content\/uploads\/2019\/02\/1-7-300x184.jpg 300w, https:\/\/biblioteka.witnica.pl\/wp-content\/uploads\/2019\/02\/1-7-768x471.jpg 768w, https:\/\/biblioteka.witnica.pl\/wp-content\/uploads\/2019\/02\/1-7-1024x629.jpg 1024w, https:\/\/biblioteka.witnica.pl\/wp-content\/uploads\/2019\/02\/1-7-352x216.jpg 352w\" sizes=\"(max-width: 300px) 100vw, 300px\" \/><\/p>\n<p>Widoki niemieckiej Witnicy (Vietz) by\u0142y punktem wyj\u015bcia do gaw\u0119dy na szersze tematy ni\u017c sam przedstawiany obiekt. Jednym z w\u0105tk\u00f3w by\u0142y witnickie echa wielkich proces\u00f3w historycznych: uw\u0142aszczenia ch\u0142op\u00f3w, pierwszej wojny \u015bwiatowej i zdobycia w\u0142adzy przez nazist\u00f3w.<\/p>\n<p>Uw\u0142aszczenie zapewni\u0142o w\u0142a\u015bcicielom dop\u0142yw \u015brodk\u00f3w pieni\u0119\u017cnych, kt\u00f3re mogli zainwestowa\u0107 w przedsi\u0119wzi\u0119cia gospodarcze.<\/p>\n<p>\u017byw\u0105 dyskusj\u0119 wywo\u0142a\u0142 temat pot\u0119\u017cnego g\u0142azu, kt\u00f3ry stoi przy wej\u015bciu do miejskiego parku. W czasie spo\u0142ecznego rozprz\u0119\u017cenia po I wojnie \u015bwiatowej zosta\u0142 zastrzelony stra\u017cnik kolejowy. Po przej\u0119ciu w\u0142adzy przez hitlerowc\u00f3w ofiara zosta\u0142a og\u0142oszona nazistowskim bohaterem i uczczona g\u0142azem ze stosownym napisem. Powojenni witniczanie \u201espolszczyli\u201d go maluj\u0105c bia\u0142\u0105 i czerwon\u0105 farb\u0105.<\/p>\n<p>W 1945 roku wok\u00f3\u0142 pomnika ku czci niemieckich \u017co\u0142nierzy poleg\u0142ych w I wojnie zosta\u0142 ulokowany radziecki cmentarzyk wojskowy. monument straci\u0142 umieszczonego na szczycie or\u0142a, a zyska\u0142 czerwon\u0105 gwiazd\u0119. Napisy z nazwiskami zosta\u0142y zatynkowane. Po ekshumacji grob\u00f3w i przeniesieniu ich do Gorzowa, gwiazda znikn\u0119\u0142a, a obiekt zacz\u0105\u0142 pe\u0142ni\u0107 funkcj\u0119 architektury parkowej. Wiele lat po wojnie tynk zacz\u0105\u0142 odpada\u0107 i&#8230; Droga do restauracji pomnika to temat na osobn\u0105 opowie\u015b\u0107.<\/p>\n<p>Prelekcje Zbigniewa Czarnucha maj\u0105 lu\u017any charakter, obfituj\u0105 w wiele anegdot i osobistych wspomnie\u0144 wyk\u0142adowcy. go Wieku i \u2013 co bardzo cieszy \u2013 Zesp\u00f3\u0142 Szk\u00f3\u0142 Samorz\u0105dowych.<\/p>\n<div id='gallery-1' class='gallery galleryid-698 gallery-columns-3 gallery-size-thumbnail'><figure class='gallery-item'>\n\t\t\t<div class='gallery-icon landscape'>\n\t\t\t\t<a href='https:\/\/biblioteka.witnica.pl\/?attachment_id=700'><img width=\"150\" height=\"150\" src=\"https:\/\/biblioteka.witnica.pl\/wp-content\/uploads\/2019\/02\/2-7-150x150.jpg\" class=\"attachment-thumbnail size-thumbnail\" alt=\"\" loading=\"lazy\" \/><\/a>\n\t\t\t<\/div><\/figure><figure class='gallery-item'>\n\t\t\t<div class='gallery-icon landscape'>\n\t\t\t\t<a href='https:\/\/biblioteka.witnica.pl\/?attachment_id=701'><img width=\"150\" height=\"150\" src=\"https:\/\/biblioteka.witnica.pl\/wp-content\/uploads\/2019\/02\/3-7-150x150.jpg\" class=\"attachment-thumbnail size-thumbnail\" alt=\"\" loading=\"lazy\" \/><\/a>\n\t\t\t<\/div><\/figure><figure class='gallery-item'>\n\t\t\t<div class='gallery-icon landscape'>\n\t\t\t\t<a href='https:\/\/biblioteka.witnica.pl\/?attachment_id=702'><img width=\"150\" height=\"150\" src=\"https:\/\/biblioteka.witnica.pl\/wp-content\/uploads\/2019\/02\/4-7-150x150.jpg\" class=\"attachment-thumbnail size-thumbnail\" alt=\"\" loading=\"lazy\" \/><\/a>\n\t\t\t<\/div><\/figure><figure class='gallery-item'>\n\t\t\t<div class='gallery-icon landscape'>\n\t\t\t\t<a href='https:\/\/biblioteka.witnica.pl\/?attachment_id=703'><img width=\"150\" height=\"150\" src=\"https:\/\/biblioteka.witnica.pl\/wp-content\/uploads\/2019\/02\/72a-150x150.jpg\" class=\"attachment-thumbnail size-thumbnail\" alt=\"\" loading=\"lazy\" \/><\/a>\n\t\t\t<\/div><\/figure><figure class='gallery-item'>\n\t\t\t<div class='gallery-icon portrait'>\n\t\t\t\t<a href='https:\/\/biblioteka.witnica.pl\/?attachment_id=704'><img width=\"150\" height=\"150\" src=\"https:\/\/biblioteka.witnica.pl\/wp-content\/uploads\/2019\/02\/78a-150x150.jpg\" class=\"attachment-thumbnail size-thumbnail\" alt=\"\" loading=\"lazy\" \/><\/a>\n\t\t\t<\/div><\/figure><figure class='gallery-item'>\n\t\t\t<div class='gallery-icon landscape'>\n\t\t\t\t<a href='https:\/\/biblioteka.witnica.pl\/?attachment_id=705'><img width=\"150\" height=\"150\" src=\"https:\/\/biblioteka.witnica.pl\/wp-content\/uploads\/2019\/02\/86a-150x150.jpg\" class=\"attachment-thumbnail size-thumbnail\" alt=\"\" loading=\"lazy\" \/><\/a>\n\t\t\t<\/div><\/figure>\n\t\t<\/div>\n\n<div class='sfsi_Sicons' style='width: 100%; display: inline-block; vertical-align: middle; text-align:left'><div style='margin:0px 8px 0px 0px; line-height: 24px'><span><\/span><\/div><div class='sfsi_socialwpr'><div class='sf_fb' style='text-align:left;vertical-align: middle;width:98px'><div class=\"fb-like\" href=\"https:\/\/biblioteka.witnica.pl\/?p=698\" width=\"180\" send=\"false\" showfaces=\"false\"  action=\"like\" data-share=\"true\"data-layout=\"button\" ><\/div><\/div><\/div><\/div>","protected":false},"excerpt":{"rendered":"<p>13 grudnia w Miejskiej Bibliotece Publicznej w Witnicy historyk Zbigniew Czarnuch wyg\u0142osi\u0142 drugi wyk\u0142ad po\u015bwi\u0119cony witnickim poczt\u00f3wkom. Widoki niemieckiej Witnicy (Vietz) by\u0142y punktem wyj\u015bcia do gaw\u0119dy na szersze tematy ni\u017c &hellip;<\/p>\n","protected":false},"author":2,"featured_media":0,"comment_status":"open","ping_status":"open","sticky":false,"template":"","format":"standard","meta":[],"categories":[12],"tags":[],"_links":{"self":[{"href":"https:\/\/biblioteka.witnica.pl\/index.php?rest_route=\/wp\/v2\/posts\/698"}],"collection":[{"href":"https:\/\/biblioteka.witnica.pl\/index.php?rest_route=\/wp\/v2\/posts"}],"about":[{"href":"https:\/\/biblioteka.witnica.pl\/index.php?rest_route=\/wp\/v2\/types\/post"}],"author":[{"embeddable":true,"href":"https:\/\/biblioteka.witnica.pl\/index.php?rest_route=\/wp\/v2\/users\/2"}],"replies":[{"embeddable":true,"href":"https:\/\/biblioteka.witnica.pl\/index.php?rest_route=%2Fwp%2Fv2%2Fcomments&post=698"}],"version-history":[{"count":1,"href":"https:\/\/biblioteka.witnica.pl\/index.php?rest_route=\/wp\/v2\/posts\/698\/revisions"}],"predecessor-version":[{"id":706,"href":"https:\/\/biblioteka.witnica.pl\/index.php?rest_route=\/wp\/v2\/posts\/698\/revisions\/706"}],"wp:attachment":[{"href":"https:\/\/biblioteka.witnica.pl\/index.php?rest_route=%2Fwp%2Fv2%2Fmedia&parent=698"}],"wp:term":[{"taxonomy":"category","embeddable":true,"href":"https:\/\/biblioteka.witnica.pl\/index.php?rest_route=%2Fwp%2Fv2%2Fcategories&post=698"},{"taxonomy":"post_tag","embeddable":true,"href":"https:\/\/biblioteka.witnica.pl\/index.php?rest_route=%2Fwp%2Fv2%2Ftags&post=698"}],"curies":[{"name":"wp","href":"https:\/\/api.w.org\/{rel}","templated":true}]}}