{"id":684,"date":"2017-02-01T13:35:45","date_gmt":"2017-02-01T13:35:45","guid":{"rendered":"http:\/\/biblioteka.witnica.pl\/?p=684"},"modified":"2019-02-06T13:47:00","modified_gmt":"2019-02-06T13:47:00","slug":"przyjaciel-biedronek-w-bibliotece-spotkanie-z-poezja-ks-jana-twardowskiego","status":"publish","type":"post","link":"https:\/\/biblioteka.witnica.pl\/?p=684","title":{"rendered":"\u201ePrzyjaciel Biedronek\u201d w bibliotece \u2013 spotkanie z poezj\u0105 ks. Jana Twardowskiego"},"content":{"rendered":"<p>W czwartek 26 stycznia Uniwersytet Trzeciego Wieku i Miejska Biblioteka Publiczna w Witnicy zaprosili czytelnik\u00f3w na wiecz\u00f3r poezji ks. Jana Twardowskiego.<\/p>\n<p><img loading=\"lazy\" class=\"alignnone size-medium wp-image-686 aligncenter\" src=\"http:\/\/biblioteka.witnica.pl\/wp-content\/uploads\/2019\/02\/DSC00712-300x225.jpg\" alt=\"\" width=\"300\" height=\"225\" srcset=\"https:\/\/biblioteka.witnica.pl\/wp-content\/uploads\/2019\/02\/DSC00712-300x225.jpg 300w, https:\/\/biblioteka.witnica.pl\/wp-content\/uploads\/2019\/02\/DSC00712-768x576.jpg 768w, https:\/\/biblioteka.witnica.pl\/wp-content\/uploads\/2019\/02\/DSC00712-1024x769.jpg 1024w, https:\/\/biblioteka.witnica.pl\/wp-content\/uploads\/2019\/02\/DSC00712-333x250.jpg 333w\" sizes=\"(max-width: 300px) 100vw, 300px\" \/><\/p>\n<p>Stron\u0119 artystyczn\u0105 tego wydarzenia przygotowa\u0142 UTW. Spotkanie poprowadzi\u0142a prezes Uniwersytetu Ewa Janowicz, autorka scenariusza. Wykorzysta\u0142a w nim wiedz\u0119 zawart\u0105 w biografii \u201eKsi\u0105dz paradoks\u201d Magdaleny Grzeba\u0142kowskiej. Tytu\u0142 ksi\u0105\u017cki nie jest przypadkowy, bo o jej bohaterze mo\u017cna wypowiedzie\u0107 wiele przeciwstawnych zda\u0144, a wszystkie b\u0119d\u0105 prawdziwe.<\/p>\n<p>Wiecz\u00f3r z poezj\u0105 ks. Twardowskiego by\u0142 debiutem Sekcji \u017bywego S\u0142owa UTW. Wiersze \u201eksi\u0119dza Jana od Biedronki\u201d czyta\u0142y: \u00a0Teresa Mika, Henryka \u0141ukie\u0144czuk, Gra\u017cyna Oleksiak, Zofia Dudziak, Kazimiera Leszczyk. Do\u0142\u0105czy\u0142 do nich pan Roman Czarnecki, reprezentant zaprzyja\u017anionego w Witnic\u0105 zielonog\u00f3rskiego UTW. Ka\u017cdy z tych pozornie prostych utwor\u00f3w m\u00f3g\u0142by by\u0107 tematem do osobnej rozmowy, osobnego wieczoru. Spotkaniu towarzyszy\u0142a wystawa tomik\u00f3w poezji ks. Jana Twardowskiego, nale\u017c\u0105cych do Miejskiej Biblioteki Publicznej w Witnicy. Mo\u017cna zatem mie\u0107 nadziej\u0119, \u017ce ks. Twardowskiemu przyb\u0119dzie w Witnicy czytelnik\u00f3w.<\/p>\n<p>Specjalnym go\u015bciem by\u0142a Maria Wasik, bibliotekarka, by\u0142a dyrektor Wojew\u00f3dzkiej i Miejskiej Biblioteki Publicznej im. C. K. Norwida w Zielonej G\u00f3rze. Pani dyrektor pozna\u0142a osobi\u015bcie ks. Twardowskiego, kiedy go\u015bci\u0142 w jej ksi\u0105\u017cnicy. By\u0142 jak dot\u0105d najstarszym goszcz\u0105cym w \u201eNorwidzie\u201d autorem. Jej ciep\u0142a, pe\u0142na humoru opowie\u015b\u0107 przenios\u0142a witniczan do zat\u0142oczonej auli zielonog\u00f3rskiego \u201eNorwida\u201d, gdzie skromny ksi\u0105dz w tupeciku i sutannie, cichym g\u0142osem czyta\u0142 swoje m\u0105dre wiersze.<\/p>\n<div id='gallery-1' class='gallery galleryid-684 gallery-columns-3 gallery-size-thumbnail'><figure class='gallery-item'>\n\t\t\t<div class='gallery-icon landscape'>\n\t\t\t\t<a href='https:\/\/biblioteka.witnica.pl\/?attachment_id=687'><img width=\"150\" height=\"150\" src=\"https:\/\/biblioteka.witnica.pl\/wp-content\/uploads\/2019\/02\/DSC00670-150x150.jpg\" class=\"attachment-thumbnail size-thumbnail\" alt=\"\" loading=\"lazy\" \/><\/a>\n\t\t\t<\/div><\/figure><figure class='gallery-item'>\n\t\t\t<div class='gallery-icon landscape'>\n\t\t\t\t<a href='https:\/\/biblioteka.witnica.pl\/?attachment_id=688'><img width=\"150\" height=\"150\" src=\"https:\/\/biblioteka.witnica.pl\/wp-content\/uploads\/2019\/02\/DSC00681-150x150.jpg\" class=\"attachment-thumbnail size-thumbnail\" alt=\"\" loading=\"lazy\" \/><\/a>\n\t\t\t<\/div><\/figure><figure class='gallery-item'>\n\t\t\t<div class='gallery-icon landscape'>\n\t\t\t\t<a href='https:\/\/biblioteka.witnica.pl\/?attachment_id=689'><img width=\"150\" height=\"150\" src=\"https:\/\/biblioteka.witnica.pl\/wp-content\/uploads\/2019\/02\/DSC00691-150x150.jpg\" class=\"attachment-thumbnail size-thumbnail\" alt=\"\" loading=\"lazy\" \/><\/a>\n\t\t\t<\/div><\/figure><figure class='gallery-item'>\n\t\t\t<div class='gallery-icon landscape'>\n\t\t\t\t<a href='https:\/\/biblioteka.witnica.pl\/?attachment_id=690'><img width=\"150\" height=\"150\" src=\"https:\/\/biblioteka.witnica.pl\/wp-content\/uploads\/2019\/02\/DSC00709-150x150.jpg\" class=\"attachment-thumbnail size-thumbnail\" alt=\"\" loading=\"lazy\" \/><\/a>\n\t\t\t<\/div><\/figure><figure class='gallery-item'>\n\t\t\t<div class='gallery-icon portrait'>\n\t\t\t\t<a href='https:\/\/biblioteka.witnica.pl\/?attachment_id=691'><img width=\"150\" height=\"150\" src=\"https:\/\/biblioteka.witnica.pl\/wp-content\/uploads\/2019\/02\/DSC00719-150x150.jpg\" class=\"attachment-thumbnail size-thumbnail\" alt=\"\" loading=\"lazy\" \/><\/a>\n\t\t\t<\/div><\/figure><figure class='gallery-item'>\n\t\t\t<div class='gallery-icon landscape'>\n\t\t\t\t<a href='https:\/\/biblioteka.witnica.pl\/?attachment_id=692'><img width=\"150\" height=\"150\" src=\"https:\/\/biblioteka.witnica.pl\/wp-content\/uploads\/2019\/02\/DSC00722-150x150.jpg\" class=\"attachment-thumbnail size-thumbnail\" alt=\"\" loading=\"lazy\" \/><\/a>\n\t\t\t<\/div><\/figure><figure class='gallery-item'>\n\t\t\t<div class='gallery-icon landscape'>\n\t\t\t\t<a href='https:\/\/biblioteka.witnica.pl\/?attachment_id=693'><img width=\"150\" height=\"150\" src=\"https:\/\/biblioteka.witnica.pl\/wp-content\/uploads\/2019\/02\/DSC00724-150x150.jpg\" class=\"attachment-thumbnail size-thumbnail\" alt=\"\" loading=\"lazy\" \/><\/a>\n\t\t\t<\/div><\/figure><figure class='gallery-item'>\n\t\t\t<div class='gallery-icon landscape'>\n\t\t\t\t<a href='https:\/\/biblioteka.witnica.pl\/?attachment_id=694'><img width=\"150\" height=\"150\" src=\"https:\/\/biblioteka.witnica.pl\/wp-content\/uploads\/2019\/02\/DSC00725-150x150.jpg\" class=\"attachment-thumbnail size-thumbnail\" alt=\"\" loading=\"lazy\" \/><\/a>\n\t\t\t<\/div><\/figure><figure class='gallery-item'>\n\t\t\t<div class='gallery-icon landscape'>\n\t\t\t\t<a href='https:\/\/biblioteka.witnica.pl\/?attachment_id=695'><img width=\"150\" height=\"150\" src=\"https:\/\/biblioteka.witnica.pl\/wp-content\/uploads\/2019\/02\/DSC00726-150x150.jpg\" class=\"attachment-thumbnail size-thumbnail\" alt=\"\" loading=\"lazy\" \/><\/a>\n\t\t\t<\/div><\/figure><figure class='gallery-item'>\n\t\t\t<div class='gallery-icon portrait'>\n\t\t\t\t<a href='https:\/\/biblioteka.witnica.pl\/?attachment_id=696'><img width=\"150\" height=\"150\" src=\"https:\/\/biblioteka.witnica.pl\/wp-content\/uploads\/2019\/02\/Schowek01-150x150.jpg\" class=\"attachment-thumbnail size-thumbnail\" alt=\"\" loading=\"lazy\" \/><\/a>\n\t\t\t<\/div><\/figure>\n\t\t<\/div>\n\n<div class='sfsi_Sicons' style='width: 100%; display: inline-block; vertical-align: middle; text-align:left'><div style='margin:0px 8px 0px 0px; line-height: 24px'><span><\/span><\/div><div class='sfsi_socialwpr'><div class='sf_fb' style='text-align:left;vertical-align: middle;width:98px'><div class=\"fb-like\" href=\"https:\/\/biblioteka.witnica.pl\/?p=684\" width=\"180\" send=\"false\" showfaces=\"false\"  action=\"like\" data-share=\"true\"data-layout=\"button\" ><\/div><\/div><\/div><\/div>","protected":false},"excerpt":{"rendered":"<p>W czwartek 26 stycznia Uniwersytet Trzeciego Wieku i Miejska Biblioteka Publiczna w Witnicy zaprosili czytelnik\u00f3w na wiecz\u00f3r poezji ks. Jana Twardowskiego. Stron\u0119 artystyczn\u0105 tego wydarzenia przygotowa\u0142 UTW. Spotkanie poprowadzi\u0142a prezes &hellip;<\/p>\n","protected":false},"author":2,"featured_media":0,"comment_status":"open","ping_status":"open","sticky":false,"template":"","format":"standard","meta":[],"categories":[1,12],"tags":[],"_links":{"self":[{"href":"https:\/\/biblioteka.witnica.pl\/index.php?rest_route=\/wp\/v2\/posts\/684"}],"collection":[{"href":"https:\/\/biblioteka.witnica.pl\/index.php?rest_route=\/wp\/v2\/posts"}],"about":[{"href":"https:\/\/biblioteka.witnica.pl\/index.php?rest_route=\/wp\/v2\/types\/post"}],"author":[{"embeddable":true,"href":"https:\/\/biblioteka.witnica.pl\/index.php?rest_route=\/wp\/v2\/users\/2"}],"replies":[{"embeddable":true,"href":"https:\/\/biblioteka.witnica.pl\/index.php?rest_route=%2Fwp%2Fv2%2Fcomments&post=684"}],"version-history":[{"count":1,"href":"https:\/\/biblioteka.witnica.pl\/index.php?rest_route=\/wp\/v2\/posts\/684\/revisions"}],"predecessor-version":[{"id":697,"href":"https:\/\/biblioteka.witnica.pl\/index.php?rest_route=\/wp\/v2\/posts\/684\/revisions\/697"}],"wp:attachment":[{"href":"https:\/\/biblioteka.witnica.pl\/index.php?rest_route=%2Fwp%2Fv2%2Fmedia&parent=684"}],"wp:term":[{"taxonomy":"category","embeddable":true,"href":"https:\/\/biblioteka.witnica.pl\/index.php?rest_route=%2Fwp%2Fv2%2Fcategories&post=684"},{"taxonomy":"post_tag","embeddable":true,"href":"https:\/\/biblioteka.witnica.pl\/index.php?rest_route=%2Fwp%2Fv2%2Ftags&post=684"}],"curies":[{"name":"wp","href":"https:\/\/api.w.org\/{rel}","templated":true}]}}