{"id":677,"date":"2017-02-16T12:09:08","date_gmt":"2017-02-16T12:09:08","guid":{"rendered":"http:\/\/biblioteka.witnica.pl\/?p=677"},"modified":"2019-02-06T12:12:31","modified_gmt":"2019-02-06T12:12:31","slug":"ile-zla-drzemie-w-czlowieku-spotkanie-z-autorem-powiesci-grozy-przemyslawem-piotrowskim","status":"publish","type":"post","link":"https:\/\/biblioteka.witnica.pl\/?p=677","title":{"rendered":"Ile z\u0142a drzemie w cz\u0142owieku? &#8211; spotkanie z autorem powie\u015bci grozy Przemys\u0142awem Piotrowskim"},"content":{"rendered":"<p>We wtorek 14 lutego go\u015bciem Miejskiej Biblioteki Publicznej w Witnicy by\u0142 zielonog\u00f3rzanin Przemys\u0142aw Piotrowski. Spotkanie prowadzi\u0142 Roman Czarnecki, r\u00f3wnie\u017c mieszkaniec Winnego Grodu.<\/p>\n<p><img loading=\"lazy\" class=\"alignnone size-medium wp-image-678 aligncenter\" src=\"http:\/\/biblioteka.witnica.pl\/wp-content\/uploads\/2019\/02\/1-6-274x300.jpg\" alt=\"\" width=\"274\" height=\"300\" srcset=\"https:\/\/biblioteka.witnica.pl\/wp-content\/uploads\/2019\/02\/1-6-274x300.jpg 274w, https:\/\/biblioteka.witnica.pl\/wp-content\/uploads\/2019\/02\/1-6-768x841.jpg 768w, https:\/\/biblioteka.witnica.pl\/wp-content\/uploads\/2019\/02\/1-6-935x1024.jpg 935w, https:\/\/biblioteka.witnica.pl\/wp-content\/uploads\/2019\/02\/1-6-228x250.jpg 228w, https:\/\/biblioteka.witnica.pl\/wp-content\/uploads\/2019\/02\/1-6.jpg 1350w\" sizes=\"(max-width: 274px) 100vw, 274px\" \/><\/p>\n<p>Przemys\u0142aw Piotrowski by\u0142 dziennikarzem \u015bledczym w \u201eGazety Lubuskiej\u201d, obecnie pracuje na norweskiej platformie wiertniczej. Wyda\u0142 dwie ksi\u0105\u017cki, trzecie uka\u017ce si\u0119 niebawem, czwart\u0105 pisze. Jednak, jak przyzna\u0142 na spotkaniu, ma opory, aby nazywa\u0107 si\u0119 pisarzem: \u201ejeszcze nie \u017cyj\u0119 z literatury\u201d.<\/p>\n<p>Pierwsza powie\u015b\u0107, \u201eKod Himmlera\u201d, opowiada o tajemnicach zwi\u0105zanych z kompleksem bunkr\u00f3w \u201eRiese\u201d (\u201eOlbrzym\u201d) w G\u00f3rach Sowich. Druga, \u201eDroga do piek\u0142a\u201d, pokazuje z\u0142o drzemi\u0105ce w cz\u0142owieku, kt\u00f3remu maj\u0105tek i w\u0142adza zapewnia poczucia bezkarno\u015bci. Jak czytamy w opisie, g\u0142\u00f3wni bohaterowie \u201ez ka\u017cdym dniem coraz bardziej zag\u0142\u0119biaj\u0105 si\u0119 w matni pierwotnego z\u0142a, niewyobra\u017calnego okrucie\u0144stwa i zdzicza\u0142ej przemocy.\u201d<\/p>\n<p>Autor zdradzi\u0142 czytelnikom niekt\u00f3re sekrety pisarskiej kuchni. Wi\u0119kszo\u015b\u0107 jego bohater\u00f3w ma swoje pierwowzory w rzeczywistym \u017cyciu. W ka\u017cdym opisywanym miejscu albo by\u0142, albo wiele o nim czyta\u0142 i ogl\u0105da\u0142 fotografie. Zbieranie materia\u0142\u00f3w jest czasoch\u0142onne ale satysfakcjonuj\u0105ce, bo jego powie\u015bci s\u0105 chwalone za dobrze przedstawione realia.<\/p>\n<p>Z\u0142o\u017cona w wydawnictwie \u201eRadykalni. Terror\u201d, pierwsza cz\u0119\u015b\u0107 cyklu \u201eRadykalni\u201d \u2013 jest thrillerem political fiction. Podejmuje temat radykalnego islamu i \u2013 jak zapewnia autor \u2013 jest niepoprawna politycznie. Czytelnicy witnickiej biblioteki s\u0105 um\u00f3wieni z autorem na \u00a0rozmow\u0119 o jego trzeciej powie\u015bci.<\/p>\n<div id='gallery-1' class='gallery galleryid-677 gallery-columns-3 gallery-size-thumbnail'><figure class='gallery-item'>\n\t\t\t<div class='gallery-icon landscape'>\n\t\t\t\t<a href='https:\/\/biblioteka.witnica.pl\/?attachment_id=679'><img width=\"150\" height=\"150\" src=\"https:\/\/biblioteka.witnica.pl\/wp-content\/uploads\/2019\/02\/2-6-150x150.jpg\" class=\"attachment-thumbnail size-thumbnail\" alt=\"\" loading=\"lazy\" \/><\/a>\n\t\t\t<\/div><\/figure><figure class='gallery-item'>\n\t\t\t<div class='gallery-icon landscape'>\n\t\t\t\t<a href='https:\/\/biblioteka.witnica.pl\/?attachment_id=680'><img width=\"150\" height=\"150\" src=\"https:\/\/biblioteka.witnica.pl\/wp-content\/uploads\/2019\/02\/2a-150x150.jpg\" class=\"attachment-thumbnail size-thumbnail\" alt=\"\" loading=\"lazy\" \/><\/a>\n\t\t\t<\/div><\/figure><figure class='gallery-item'>\n\t\t\t<div class='gallery-icon landscape'>\n\t\t\t\t<a href='https:\/\/biblioteka.witnica.pl\/?attachment_id=681'><img width=\"150\" height=\"150\" src=\"https:\/\/biblioteka.witnica.pl\/wp-content\/uploads\/2019\/02\/3-6-150x150.jpg\" class=\"attachment-thumbnail size-thumbnail\" alt=\"\" loading=\"lazy\" \/><\/a>\n\t\t\t<\/div><\/figure><figure class='gallery-item'>\n\t\t\t<div class='gallery-icon portrait'>\n\t\t\t\t<a href='https:\/\/biblioteka.witnica.pl\/?attachment_id=682'><img width=\"150\" height=\"150\" src=\"https:\/\/biblioteka.witnica.pl\/wp-content\/uploads\/2019\/02\/4-6-150x150.jpg\" class=\"attachment-thumbnail size-thumbnail\" alt=\"\" loading=\"lazy\" \/><\/a>\n\t\t\t<\/div><\/figure>\n\t\t<\/div>\n\n<p>&nbsp;<\/p>\n<div class='sfsi_Sicons' style='width: 100%; display: inline-block; vertical-align: middle; text-align:left'><div style='margin:0px 8px 0px 0px; line-height: 24px'><span><\/span><\/div><div class='sfsi_socialwpr'><div class='sf_fb' style='text-align:left;vertical-align: middle;width:98px'><div class=\"fb-like\" href=\"https:\/\/biblioteka.witnica.pl\/?p=677\" width=\"180\" send=\"false\" showfaces=\"false\"  action=\"like\" data-share=\"true\"data-layout=\"button\" ><\/div><\/div><\/div><\/div>","protected":false},"excerpt":{"rendered":"<p>We wtorek 14 lutego go\u015bciem Miejskiej Biblioteki Publicznej w Witnicy by\u0142 zielonog\u00f3rzanin Przemys\u0142aw Piotrowski. Spotkanie prowadzi\u0142 Roman Czarnecki, r\u00f3wnie\u017c mieszkaniec Winnego Grodu. Przemys\u0142aw Piotrowski by\u0142 dziennikarzem \u015bledczym w \u201eGazety Lubuskiej\u201d, &hellip;<\/p>\n","protected":false},"author":2,"featured_media":0,"comment_status":"open","ping_status":"open","sticky":false,"template":"","format":"standard","meta":[],"categories":[12],"tags":[],"_links":{"self":[{"href":"https:\/\/biblioteka.witnica.pl\/index.php?rest_route=\/wp\/v2\/posts\/677"}],"collection":[{"href":"https:\/\/biblioteka.witnica.pl\/index.php?rest_route=\/wp\/v2\/posts"}],"about":[{"href":"https:\/\/biblioteka.witnica.pl\/index.php?rest_route=\/wp\/v2\/types\/post"}],"author":[{"embeddable":true,"href":"https:\/\/biblioteka.witnica.pl\/index.php?rest_route=\/wp\/v2\/users\/2"}],"replies":[{"embeddable":true,"href":"https:\/\/biblioteka.witnica.pl\/index.php?rest_route=%2Fwp%2Fv2%2Fcomments&post=677"}],"version-history":[{"count":1,"href":"https:\/\/biblioteka.witnica.pl\/index.php?rest_route=\/wp\/v2\/posts\/677\/revisions"}],"predecessor-version":[{"id":683,"href":"https:\/\/biblioteka.witnica.pl\/index.php?rest_route=\/wp\/v2\/posts\/677\/revisions\/683"}],"wp:attachment":[{"href":"https:\/\/biblioteka.witnica.pl\/index.php?rest_route=%2Fwp%2Fv2%2Fmedia&parent=677"}],"wp:term":[{"taxonomy":"category","embeddable":true,"href":"https:\/\/biblioteka.witnica.pl\/index.php?rest_route=%2Fwp%2Fv2%2Fcategories&post=677"},{"taxonomy":"post_tag","embeddable":true,"href":"https:\/\/biblioteka.witnica.pl\/index.php?rest_route=%2Fwp%2Fv2%2Ftags&post=677"}],"curies":[{"name":"wp","href":"https:\/\/api.w.org\/{rel}","templated":true}]}}