{"id":562,"date":"2017-01-31T13:40:31","date_gmt":"2017-01-31T13:40:31","guid":{"rendered":"http:\/\/biblioteka.witnica.pl\/?p=562"},"modified":"2019-02-02T13:44:16","modified_gmt":"2019-02-02T13:44:16","slug":"przyjaciel-biedronek-jan-twardowski","status":"publish","type":"post","link":"https:\/\/biblioteka.witnica.pl\/?p=562","title":{"rendered":"&#8222;Przyjaciel Biedronek&#8221; Jan Twardowski"},"content":{"rendered":"<p>Przyjaciel Biedronek&#8221; w bibliotece \u2013 spotkanie z poezj\u0105 ks. Jana Twardowskiego<strong>.<\/strong> W czwartek 26 stycznia Uniwersytet Trzeciego Wieku i Miejska Biblioteka Publiczna w Witnicy zaprosili czytelnik\u00f3w na wiecz\u00f3r poezji ks. Jana Twardowskiego.<\/p>\n<p><img loading=\"lazy\" class=\"size-medium wp-image-563 aligncenter\" src=\"http:\/\/biblioteka.witnica.pl\/wp-content\/uploads\/2019\/02\/twardowski-300x226.jpg\" alt=\"\" width=\"300\" height=\"226\" srcset=\"https:\/\/biblioteka.witnica.pl\/wp-content\/uploads\/2019\/02\/twardowski-300x226.jpg 300w, https:\/\/biblioteka.witnica.pl\/wp-content\/uploads\/2019\/02\/twardowski-220x166.jpg 220w, https:\/\/biblioteka.witnica.pl\/wp-content\/uploads\/2019\/02\/twardowski.jpg 652w\" sizes=\"(max-width: 300px) 100vw, 300px\" \/><\/p>\n<p>Stron\u0119 artystyczn\u0105 tego wydarzenia przygotowa\u0142 UTW. Spotkanie poprowadzi\u0142a prezes Uniwersytetu Ewa Janowicz, autorka scenariusza. Wykorzysta\u0142a w nim wiedz\u0119 zawart\u0105 w biografii \u201eKsi\u0105dz paradoks&#8221; Magdaleny Grzeba\u0142kowskiej. Tytu\u0142 ksi\u0105\u017cki nie jest przypadkowy, bo o jej bohaterze mo\u017cna wypowiedzie\u0107 wiele przeciwstawnych zda\u0144, a wszystkie b\u0119d\u0105 prawdziwe. Wiecz\u00f3r z poezj\u0105 ks. Twardowskiego by\u0142 debiutem Sekcji \u017bywego S\u0142owa UTW. Wiersze \u201eksi\u0119dza Jana od Biedronki&#8221; czyta\u0142y: Teresa Mika, Henryka \u0141ukie\u0144czuk, Gra\u017cyna Oleksiak, Zofia Dudziak, Kazimiera Leszczyk.<\/p>\n<p><img loading=\"lazy\" class=\"size-medium wp-image-564 aligncenter\" src=\"http:\/\/biblioteka.witnica.pl\/wp-content\/uploads\/2019\/02\/twardowski_1-300x226.jpg\" alt=\"\" width=\"300\" height=\"226\" srcset=\"https:\/\/biblioteka.witnica.pl\/wp-content\/uploads\/2019\/02\/twardowski_1-300x226.jpg 300w, https:\/\/biblioteka.witnica.pl\/wp-content\/uploads\/2019\/02\/twardowski_1-220x166.jpg 220w, https:\/\/biblioteka.witnica.pl\/wp-content\/uploads\/2019\/02\/twardowski_1.jpg 652w\" sizes=\"(max-width: 300px) 100vw, 300px\" \/><\/p>\n<p>Do\u0142\u0105czy\u0142 do nich pan Roman Czarnecki, reprezentant zaprzyja\u017anionego w Witnic\u0105 zielonog\u00f3rskiego UTW. Ka\u017cdy z tych pozornie prostych utwor\u00f3w m\u00f3g\u0142by by\u0107 tematem do osobnej rozmowy, osobnego wieczoru. Spotkaniu towarzyszy\u0142a wystawa tomik\u00f3w poezji ks. Jana Twardowskiego, nale\u017c\u0105cych do Miejskiej Biblioteki Publicznej w Witnicy. Mo\u017cna zatem mie\u0107 nadziej\u0119, \u017ce ks. Twardowskiemu przyb\u0119dzie w Witnicy czytelnik\u00f3w. Specjalnym go\u015bciem by\u0142a Maria Wasik, bibliotekarka, by\u0142a dyrektor Wojew\u00f3dzkiej i Miejskiej Biblioteki Publicznej im. C. K. Norwida w Zielonej G\u00f3rze. Pani dyrektor pozna\u0142a osobi\u015bcie ks. Twardowskiego, kiedy go\u015bci\u0142 w jej ksi\u0105\u017cnicy. By\u0142 jak dot\u0105d najstarszym goszcz\u0105cym w \u201eNorwidzie&#8221; autorem. Jej ciep\u0142a, pe\u0142na humoru opowie\u015b\u0107 przenios\u0142a witniczan do zat\u0142oczonej auli zielonog\u00f3rskiego \u201eNorwida&#8221;, gdzie skromny ksi\u0105dz w tupeciku i sutannie, cichym g\u0142osem czyta\u0142 swoje m\u0105dre wiersze.<\/p>\n<div class='sfsi_Sicons' style='width: 100%; display: inline-block; vertical-align: middle; text-align:left'><div style='margin:0px 8px 0px 0px; line-height: 24px'><span><\/span><\/div><div class='sfsi_socialwpr'><div class='sf_fb' style='text-align:left;vertical-align: middle;width:98px'><div class=\"fb-like\" href=\"https:\/\/biblioteka.witnica.pl\/?p=562\" width=\"180\" send=\"false\" showfaces=\"false\"  action=\"like\" data-share=\"true\"data-layout=\"button\" ><\/div><\/div><\/div><\/div>","protected":false},"excerpt":{"rendered":"<p>Przyjaciel Biedronek&#8221; w bibliotece \u2013 spotkanie z poezj\u0105 ks. Jana Twardowskiego. W czwartek 26 stycznia Uniwersytet Trzeciego Wieku i Miejska Biblioteka Publiczna w Witnicy zaprosili czytelnik\u00f3w na wiecz\u00f3r poezji ks. &hellip;<\/p>\n","protected":false},"author":2,"featured_media":0,"comment_status":"open","ping_status":"open","sticky":false,"template":"","format":"standard","meta":[],"categories":[1],"tags":[],"_links":{"self":[{"href":"https:\/\/biblioteka.witnica.pl\/index.php?rest_route=\/wp\/v2\/posts\/562"}],"collection":[{"href":"https:\/\/biblioteka.witnica.pl\/index.php?rest_route=\/wp\/v2\/posts"}],"about":[{"href":"https:\/\/biblioteka.witnica.pl\/index.php?rest_route=\/wp\/v2\/types\/post"}],"author":[{"embeddable":true,"href":"https:\/\/biblioteka.witnica.pl\/index.php?rest_route=\/wp\/v2\/users\/2"}],"replies":[{"embeddable":true,"href":"https:\/\/biblioteka.witnica.pl\/index.php?rest_route=%2Fwp%2Fv2%2Fcomments&post=562"}],"version-history":[{"count":1,"href":"https:\/\/biblioteka.witnica.pl\/index.php?rest_route=\/wp\/v2\/posts\/562\/revisions"}],"predecessor-version":[{"id":565,"href":"https:\/\/biblioteka.witnica.pl\/index.php?rest_route=\/wp\/v2\/posts\/562\/revisions\/565"}],"wp:attachment":[{"href":"https:\/\/biblioteka.witnica.pl\/index.php?rest_route=%2Fwp%2Fv2%2Fmedia&parent=562"}],"wp:term":[{"taxonomy":"category","embeddable":true,"href":"https:\/\/biblioteka.witnica.pl\/index.php?rest_route=%2Fwp%2Fv2%2Fcategories&post=562"},{"taxonomy":"post_tag","embeddable":true,"href":"https:\/\/biblioteka.witnica.pl\/index.php?rest_route=%2Fwp%2Fv2%2Ftags&post=562"}],"curies":[{"name":"wp","href":"https:\/\/api.w.org\/{rel}","templated":true}]}}