{"id":559,"date":"2017-02-28T13:38:10","date_gmt":"2017-02-28T13:38:10","guid":{"rendered":"http:\/\/biblioteka.witnica.pl\/?p=559"},"modified":"2019-02-02T13:39:50","modified_gmt":"2019-02-02T13:39:50","slug":"zmieniamy-internet-na-lepsze","status":"publish","type":"post","link":"https:\/\/biblioteka.witnica.pl\/?p=559","title":{"rendered":"Zmieniamy Internet na lepsze"},"content":{"rendered":"<p>Miejska Biblioteka Publiczna w Witnicy do\u0142\u0105czy\u0142a do og\u00f3lnopolskiej akcji programu Safer Internet \u201eRazem zmieniamy Internet na lepsze&#8221;. Tegoroczna edycja ma zwr\u00f3ci\u0107 uwag\u0119 na rol\u0119 u\u017cytkownika Internetu w budowaniu bezpiecznego i przyjaznego \u015brodowiska online.<\/p>\n<p><img loading=\"lazy\" class=\"wp-image-560 aligncenter\" src=\"http:\/\/biblioteka.witnica.pl\/wp-content\/uploads\/2019\/02\/interet_lepsze-209x300.jpg\" alt=\"\" width=\"142\" height=\"204\" srcset=\"https:\/\/biblioteka.witnica.pl\/wp-content\/uploads\/2019\/02\/interet_lepsze-209x300.jpg 209w, https:\/\/biblioteka.witnica.pl\/wp-content\/uploads\/2019\/02\/interet_lepsze-174x250.jpg 174w, https:\/\/biblioteka.witnica.pl\/wp-content\/uploads\/2019\/02\/interet_lepsze.jpg 335w\" sizes=\"(max-width: 142px) 100vw, 142px\" \/><\/p>\n<p>Podczas Dnia Bezpiecznego Internetu podkre\u015blane s\u0105 jego mo\u017cliwo\u015bci. Dzieci mog\u0105 go wykorzystywa\u0107 w edukacji, w kontaktach z r\u00f3wie\u015bnikami i jako form\u0119 tw\u00f3rczej rozrywki. Adresatem organizowanych przez bibliotek\u0119 spotka\u0144 s\u0105 uczniowie szk\u00f3\u0142 podstawowych. W czwartek 23 lutego w Szkole Podstawowej w D\u0105broszynie \u2013 filii w Kamieniu Wielkim starszy bibliotekarz, Kamil Bujnicki przeprowadzi\u0142 pierwsze zaj\u0119cia. Uczniowie dowiedzieli si\u0119, czym jest Internet, w jaki spos\u00f3b si\u0119 w nim porusza\u0107 i jakie korzy\u015bci daje korzystanie z tego \u015brodka przekazu. Problematyk\u0119 zagro\u017ce\u0144 na jakie mog\u0105 natrafi\u0107 m\u0142odzi u\u017cytkownicy ilustrowa\u0142y filmy z serii \u201eOwce w sieci&#8221;. Poruszane by\u0142y problemy cyberstalkingu (prze\u015bladowania w sieci Internet), groomingu (uwodzenia), wirtualnych szykan i wirtualnych przyja\u017ani, a tak\u017ce uzale\u017cnienia od gier komputerowych. W zaj\u0119ciach wzi\u0119li udzia\u0142 uczniowie klas 0-3.<\/p>\n<div class='sfsi_Sicons' style='width: 100%; display: inline-block; vertical-align: middle; text-align:left'><div style='margin:0px 8px 0px 0px; line-height: 24px'><span><\/span><\/div><div class='sfsi_socialwpr'><div class='sf_fb' style='text-align:left;vertical-align: middle;width:98px'><div class=\"fb-like\" href=\"https:\/\/biblioteka.witnica.pl\/?p=559\" width=\"180\" send=\"false\" showfaces=\"false\"  action=\"like\" data-share=\"true\"data-layout=\"button\" ><\/div><\/div><\/div><\/div>","protected":false},"excerpt":{"rendered":"<p>Miejska Biblioteka Publiczna w Witnicy do\u0142\u0105czy\u0142a do og\u00f3lnopolskiej akcji programu Safer Internet \u201eRazem zmieniamy Internet na lepsze&#8221;. Tegoroczna edycja ma zwr\u00f3ci\u0107 uwag\u0119 na rol\u0119 u\u017cytkownika Internetu w budowaniu bezpiecznego i &hellip;<\/p>\n","protected":false},"author":2,"featured_media":0,"comment_status":"open","ping_status":"open","sticky":false,"template":"","format":"standard","meta":[],"categories":[1],"tags":[],"_links":{"self":[{"href":"https:\/\/biblioteka.witnica.pl\/index.php?rest_route=\/wp\/v2\/posts\/559"}],"collection":[{"href":"https:\/\/biblioteka.witnica.pl\/index.php?rest_route=\/wp\/v2\/posts"}],"about":[{"href":"https:\/\/biblioteka.witnica.pl\/index.php?rest_route=\/wp\/v2\/types\/post"}],"author":[{"embeddable":true,"href":"https:\/\/biblioteka.witnica.pl\/index.php?rest_route=\/wp\/v2\/users\/2"}],"replies":[{"embeddable":true,"href":"https:\/\/biblioteka.witnica.pl\/index.php?rest_route=%2Fwp%2Fv2%2Fcomments&post=559"}],"version-history":[{"count":1,"href":"https:\/\/biblioteka.witnica.pl\/index.php?rest_route=\/wp\/v2\/posts\/559\/revisions"}],"predecessor-version":[{"id":561,"href":"https:\/\/biblioteka.witnica.pl\/index.php?rest_route=\/wp\/v2\/posts\/559\/revisions\/561"}],"wp:attachment":[{"href":"https:\/\/biblioteka.witnica.pl\/index.php?rest_route=%2Fwp%2Fv2%2Fmedia&parent=559"}],"wp:term":[{"taxonomy":"category","embeddable":true,"href":"https:\/\/biblioteka.witnica.pl\/index.php?rest_route=%2Fwp%2Fv2%2Fcategories&post=559"},{"taxonomy":"post_tag","embeddable":true,"href":"https:\/\/biblioteka.witnica.pl\/index.php?rest_route=%2Fwp%2Fv2%2Ftags&post=559"}],"curies":[{"name":"wp","href":"https:\/\/api.w.org\/{rel}","templated":true}]}}