{"id":542,"date":"2017-10-01T12:57:53","date_gmt":"2017-10-01T12:57:53","guid":{"rendered":"http:\/\/biblioteka.witnica.pl\/?p=542"},"modified":"2019-02-02T13:02:29","modified_gmt":"2019-02-02T13:02:29","slug":"goscilismy-klub-czytajacych-rodzin","status":"publish","type":"post","link":"https:\/\/biblioteka.witnica.pl\/?p=542","title":{"rendered":"Go\u015bcili\u015bmy Klub Czytaj\u0105cych Rodzin"},"content":{"rendered":"<p>W zaj\u0119ciach naszej Akademii Bajki Polskiej uczestniczyli go\u015bcie z Gorzowa \u2013 Klub Czytaj\u0105cych Rodzin, dzia\u0142aj\u0105cy przy Przedszkolu nr 11.<\/p>\n<p><img loading=\"lazy\" class=\"size-medium wp-image-544 aligncenter\" src=\"http:\/\/biblioteka.witnica.pl\/wp-content\/uploads\/2019\/02\/Klub-2-300x262.jpg\" alt=\"\" width=\"300\" height=\"262\" srcset=\"https:\/\/biblioteka.witnica.pl\/wp-content\/uploads\/2019\/02\/Klub-2-300x262.jpg 300w, https:\/\/biblioteka.witnica.pl\/wp-content\/uploads\/2019\/02\/Klub-2-768x672.jpg 768w, https:\/\/biblioteka.witnica.pl\/wp-content\/uploads\/2019\/02\/Klub-2-220x192.jpg 220w, https:\/\/biblioteka.witnica.pl\/wp-content\/uploads\/2019\/02\/Klub-2.jpg 972w\" sizes=\"(max-width: 300px) 100vw, 300px\" \/><\/p>\n<p>Dzieci wraz z rodzicami obejrza\u0142y wystaw\u0119 opakowa\u0144 po czekoladach i uczestniczy\u0142y w spotkaniu autorskim z bajkopisarzem W\u0142adys\u0142awem Wr\u00f3blewskim. Obejrza\u0142y r\u00f3wnie\u017c lalkowe inscenizacje bajek Brzechwy, przedstawione przez witnickich bywalc\u00f3w Akademii: Ew\u0119 i Hani\u0119 (aktorki) i kurtyniarza Jasia. Rodzice z ch\u0119ci\u0105 w\u0142\u0105czyli si\u0119 do teatralnej zabawy. Na zako\u0144czenie go\u015bcie kolorowali kolorowanki z rysunkami Magdaleny \u0106wiertni i wierszykami W\u0142adys\u0142awa Wr\u00f3blewskiego.<\/p>\n<p><img loading=\"lazy\" class=\"size-medium wp-image-543 aligncenter\" src=\"http:\/\/biblioteka.witnica.pl\/wp-content\/uploads\/2019\/02\/Klub-1-300x255.jpg\" alt=\"\" width=\"300\" height=\"255\" srcset=\"https:\/\/biblioteka.witnica.pl\/wp-content\/uploads\/2019\/02\/Klub-1-300x255.jpg 300w, https:\/\/biblioteka.witnica.pl\/wp-content\/uploads\/2019\/02\/Klub-1-768x653.jpg 768w, https:\/\/biblioteka.witnica.pl\/wp-content\/uploads\/2019\/02\/Klub-1-220x187.jpg 220w, https:\/\/biblioteka.witnica.pl\/wp-content\/uploads\/2019\/02\/Klub-1.jpg 972w\" sizes=\"(max-width: 300px) 100vw, 300px\" \/><\/p>\n<div class='sfsi_Sicons' style='width: 100%; display: inline-block; vertical-align: middle; text-align:left'><div style='margin:0px 8px 0px 0px; line-height: 24px'><span><\/span><\/div><div class='sfsi_socialwpr'><div class='sf_fb' style='text-align:left;vertical-align: middle;width:98px'><div class=\"fb-like\" href=\"https:\/\/biblioteka.witnica.pl\/?p=542\" width=\"180\" send=\"false\" showfaces=\"false\"  action=\"like\" data-share=\"true\"data-layout=\"button\" ><\/div><\/div><\/div><\/div>","protected":false},"excerpt":{"rendered":"<p>W zaj\u0119ciach naszej Akademii Bajki Polskiej uczestniczyli go\u015bcie z Gorzowa \u2013 Klub Czytaj\u0105cych Rodzin, dzia\u0142aj\u0105cy przy Przedszkolu nr 11. Dzieci wraz z rodzicami obejrza\u0142y wystaw\u0119 opakowa\u0144 po czekoladach i uczestniczy\u0142y &hellip;<\/p>\n","protected":false},"author":2,"featured_media":0,"comment_status":"open","ping_status":"open","sticky":false,"template":"","format":"standard","meta":[],"categories":[1],"tags":[],"_links":{"self":[{"href":"https:\/\/biblioteka.witnica.pl\/index.php?rest_route=\/wp\/v2\/posts\/542"}],"collection":[{"href":"https:\/\/biblioteka.witnica.pl\/index.php?rest_route=\/wp\/v2\/posts"}],"about":[{"href":"https:\/\/biblioteka.witnica.pl\/index.php?rest_route=\/wp\/v2\/types\/post"}],"author":[{"embeddable":true,"href":"https:\/\/biblioteka.witnica.pl\/index.php?rest_route=\/wp\/v2\/users\/2"}],"replies":[{"embeddable":true,"href":"https:\/\/biblioteka.witnica.pl\/index.php?rest_route=%2Fwp%2Fv2%2Fcomments&post=542"}],"version-history":[{"count":1,"href":"https:\/\/biblioteka.witnica.pl\/index.php?rest_route=\/wp\/v2\/posts\/542\/revisions"}],"predecessor-version":[{"id":545,"href":"https:\/\/biblioteka.witnica.pl\/index.php?rest_route=\/wp\/v2\/posts\/542\/revisions\/545"}],"wp:attachment":[{"href":"https:\/\/biblioteka.witnica.pl\/index.php?rest_route=%2Fwp%2Fv2%2Fmedia&parent=542"}],"wp:term":[{"taxonomy":"category","embeddable":true,"href":"https:\/\/biblioteka.witnica.pl\/index.php?rest_route=%2Fwp%2Fv2%2Fcategories&post=542"},{"taxonomy":"post_tag","embeddable":true,"href":"https:\/\/biblioteka.witnica.pl\/index.php?rest_route=%2Fwp%2Fv2%2Ftags&post=542"}],"curies":[{"name":"wp","href":"https:\/\/api.w.org\/{rel}","templated":true}]}}