{"id":3284,"date":"2026-02-04T12:29:02","date_gmt":"2026-02-04T12:29:02","guid":{"rendered":"https:\/\/biblioteka.witnica.pl\/?p=3284"},"modified":"2026-02-04T12:34:15","modified_gmt":"2026-02-04T12:34:15","slug":"witnickie-hotele","status":"publish","type":"post","link":"https:\/\/biblioteka.witnica.pl\/?p=3284","title":{"rendered":"Witnickie hotele"},"content":{"rendered":"\n<p><em><span class=\"x193iq5w xeuugli x13faqbe x1vvkbs x1xmvt09 x1lliihq x1s928wv xhkezso x1gmr53x x1cpjm7i x1fgarty x1943h6x xudqn12 x3x7a5m x6prxxf xvq8zen xo1l8bm xzsf02u x1yc453h\" dir=\"auto\">Vietz\/Ostbahn by\u0142a wsi\u0105 przemys\u0142ow\u0105. Przybywa\u0142o do niej wielu interesant\u00f3w, kt\u00f3rzy gdzie\u015b musieli przenocowa\u0107 i zaspokoi\u0107 g\u0142\u00f3d. St\u0105d tyle hoteli.<\/span><\/em><\/p>\n<p>&nbsp;<\/p>\n\n\n\n<div class=\"wp-block-media-text alignwide has-media-on-the-right is-stacked-on-mobile\"><figure class=\"wp-block-media-text__media\"><img loading=\"lazy\" width=\"786\" height=\"483\" src=\"http:\/\/biblioteka.witnica.pl\/wp-content\/uploads\/2026\/02\/1-Witnica-1.jpg\" alt=\"\" class=\"wp-image-3286 size-full\" srcset=\"https:\/\/biblioteka.witnica.pl\/wp-content\/uploads\/2026\/02\/1-Witnica-1.jpg 786w, https:\/\/biblioteka.witnica.pl\/wp-content\/uploads\/2026\/02\/1-Witnica-1-300x184.jpg 300w, https:\/\/biblioteka.witnica.pl\/wp-content\/uploads\/2026\/02\/1-Witnica-1-768x472.jpg 768w, https:\/\/biblioteka.witnica.pl\/wp-content\/uploads\/2026\/02\/1-Witnica-1-352x216.jpg 352w\" sizes=\"(max-width: 786px) 100vw, 786px\" \/><\/figure><div class=\"wp-block-media-text__content\">\n<p class=\"has-regular-font-size\">Jeden z nich przetrwa\u0142 nie zmieniaj\u0105c przeznaczenia &#8211; jest to obecny &#8222;Hotel Witnica&#8221;. W d\u0142ugiej historii obiekt wielokrotnie zmienia\u0142 nazw\u0119 (&#8222;G. Schulz&#8221;, &#8222;Central&#8221;, &#8222;Miejski&#8221;, &#8222;Lord&#8221;).<\/p>\n<\/div><\/div>\n\n\n\n<figure class=\"wp-block-image size-large\"><img loading=\"lazy\" width=\"1024\" height=\"660\" src=\"http:\/\/biblioteka.witnica.pl\/wp-content\/uploads\/2026\/02\/1-2-Witnica-1024x660.jpg\" alt=\"\" class=\"wp-image-3287\" srcset=\"https:\/\/biblioteka.witnica.pl\/wp-content\/uploads\/2026\/02\/1-2-Witnica-1024x660.jpg 1024w, https:\/\/biblioteka.witnica.pl\/wp-content\/uploads\/2026\/02\/1-2-Witnica-300x193.jpg 300w, https:\/\/biblioteka.witnica.pl\/wp-content\/uploads\/2026\/02\/1-2-Witnica-768x495.jpg 768w, https:\/\/biblioteka.witnica.pl\/wp-content\/uploads\/2026\/02\/1-2-Witnica-352x227.jpg 352w, https:\/\/biblioteka.witnica.pl\/wp-content\/uploads\/2026\/02\/1-2-Witnica.jpg 1326w\" sizes=\"(max-width: 1024px) 100vw, 1024px\" \/><\/figure>\n\n\n\n<div class=\"wp-block-media-text alignwide is-stacked-on-mobile\"><figure class=\"wp-block-media-text__media\"><img loading=\"lazy\" width=\"1024\" height=\"690\" src=\"http:\/\/biblioteka.witnica.pl\/wp-content\/uploads\/2026\/02\/3-2-1024x690.jpg\" alt=\"\" class=\"wp-image-3289 size-full\" srcset=\"https:\/\/biblioteka.witnica.pl\/wp-content\/uploads\/2026\/02\/3-2-1024x690.jpg 1024w, https:\/\/biblioteka.witnica.pl\/wp-content\/uploads\/2026\/02\/3-2-300x202.jpg 300w, https:\/\/biblioteka.witnica.pl\/wp-content\/uploads\/2026\/02\/3-2-768x518.jpg 768w, https:\/\/biblioteka.witnica.pl\/wp-content\/uploads\/2026\/02\/3-2-1536x1035.jpg 1536w, https:\/\/biblioteka.witnica.pl\/wp-content\/uploads\/2026\/02\/3-2-2048x1380.jpg 2048w, https:\/\/biblioteka.witnica.pl\/wp-content\/uploads\/2026\/02\/3-2-352x237.jpg 352w\" sizes=\"(max-width: 1024px) 100vw, 1024px\" \/><\/figure><div class=\"wp-block-media-text__content\">\n<p class=\"has-regular-font-size\">&#8222;Bahn Hotel&#8221; (&#8222;Dworcowy&#8221;) to obecnie dom mieszkalny.<\/p>\n<\/div><\/div>\n\n\n\n<figure class=\"wp-block-image size-large\"><img loading=\"lazy\" width=\"1024\" height=\"677\" src=\"http:\/\/biblioteka.witnica.pl\/wp-content\/uploads\/2026\/02\/3a-1024x677.jpg\" alt=\"\" class=\"wp-image-3290\" srcset=\"https:\/\/biblioteka.witnica.pl\/wp-content\/uploads\/2026\/02\/3a-1024x677.jpg 1024w, https:\/\/biblioteka.witnica.pl\/wp-content\/uploads\/2026\/02\/3a-300x198.jpg 300w, https:\/\/biblioteka.witnica.pl\/wp-content\/uploads\/2026\/02\/3a-768x508.jpg 768w, https:\/\/biblioteka.witnica.pl\/wp-content\/uploads\/2026\/02\/3a-352x233.jpg 352w, https:\/\/biblioteka.witnica.pl\/wp-content\/uploads\/2026\/02\/3a.jpg 1402w\" sizes=\"(max-width: 1024px) 100vw, 1024px\" \/><\/figure>\n\n\n\n<div class=\"wp-block-media-text alignwide has-media-on-the-right is-stacked-on-mobile\"><figure class=\"wp-block-media-text__media\"><img loading=\"lazy\" width=\"1024\" height=\"674\" src=\"http:\/\/biblioteka.witnica.pl\/wp-content\/uploads\/2026\/02\/5-Gorzowska-1024x674.jpg\" alt=\"\" class=\"wp-image-3291 size-full\" srcset=\"https:\/\/biblioteka.witnica.pl\/wp-content\/uploads\/2026\/02\/5-Gorzowska-1024x674.jpg 1024w, https:\/\/biblioteka.witnica.pl\/wp-content\/uploads\/2026\/02\/5-Gorzowska-300x197.jpg 300w, https:\/\/biblioteka.witnica.pl\/wp-content\/uploads\/2026\/02\/5-Gorzowska-768x505.jpg 768w, https:\/\/biblioteka.witnica.pl\/wp-content\/uploads\/2026\/02\/5-Gorzowska-352x232.jpg 352w, https:\/\/biblioteka.witnica.pl\/wp-content\/uploads\/2026\/02\/5-Gorzowska.jpg 1161w\" sizes=\"(max-width: 1024px) 100vw, 1024px\" \/><\/figure><div class=\"wp-block-media-text__content\">\n<p class=\"has-regular-font-size\">W dawnym hotelu &#8222;Zum Deutschen Hause&#8221; mie\u015bci si\u0119 nasza biblioteka i dom kultury.<\/p>\n<\/div><\/div>\n\n\n\n<figure class=\"wp-block-image size-large\"><img loading=\"lazy\" width=\"1024\" height=\"768\" src=\"http:\/\/biblioteka.witnica.pl\/wp-content\/uploads\/2026\/02\/5-2-Gorzowska-1024x768.jpg\" alt=\"\" class=\"wp-image-3292\" srcset=\"https:\/\/biblioteka.witnica.pl\/wp-content\/uploads\/2026\/02\/5-2-Gorzowska-1024x768.jpg 1024w, https:\/\/biblioteka.witnica.pl\/wp-content\/uploads\/2026\/02\/5-2-Gorzowska-300x225.jpg 300w, https:\/\/biblioteka.witnica.pl\/wp-content\/uploads\/2026\/02\/5-2-Gorzowska-768x576.jpg 768w, https:\/\/biblioteka.witnica.pl\/wp-content\/uploads\/2026\/02\/5-2-Gorzowska-1536x1152.jpg 1536w, https:\/\/biblioteka.witnica.pl\/wp-content\/uploads\/2026\/02\/5-2-Gorzowska-2048x1536.jpg 2048w, https:\/\/biblioteka.witnica.pl\/wp-content\/uploads\/2026\/02\/5-2-Gorzowska-333x250.jpg 333w\" sizes=\"(max-width: 1024px) 100vw, 1024px\" \/><\/figure>\n\n\n\n<div class=\"wp-block-media-text alignwide is-stacked-on-mobile\"><figure class=\"wp-block-media-text__media\"><img loading=\"lazy\" width=\"1024\" height=\"685\" src=\"http:\/\/biblioteka.witnica.pl\/wp-content\/uploads\/2026\/02\/6-Plac-Wolnosci-1024x685.jpeg\" alt=\"\" class=\"wp-image-3293 size-full\" srcset=\"https:\/\/biblioteka.witnica.pl\/wp-content\/uploads\/2026\/02\/6-Plac-Wolnosci-1024x685.jpeg 1024w, https:\/\/biblioteka.witnica.pl\/wp-content\/uploads\/2026\/02\/6-Plac-Wolnosci-300x201.jpeg 300w, https:\/\/biblioteka.witnica.pl\/wp-content\/uploads\/2026\/02\/6-Plac-Wolnosci-768x514.jpeg 768w, https:\/\/biblioteka.witnica.pl\/wp-content\/uploads\/2026\/02\/6-Plac-Wolnosci-1536x1028.jpeg 1536w, https:\/\/biblioteka.witnica.pl\/wp-content\/uploads\/2026\/02\/6-Plac-Wolnosci-2048x1371.jpeg 2048w, https:\/\/biblioteka.witnica.pl\/wp-content\/uploads\/2026\/02\/6-Plac-Wolnosci-352x236.jpeg 352w\" sizes=\"(max-width: 1024px) 100vw, 1024px\" \/><\/figure><div class=\"wp-block-media-text__content\">\n<p>Nie zachowa\u0142y si\u0119:<\/p>\n\n\n\n<p>&#8222;Vietzer Hof&#8221;, kt\u00f3ry sta\u0142 przed ko\u015bcio\u0142em<\/p>\n<\/div><\/div>\n\n\n\n<figure class=\"wp-block-image size-full is-resized\"><img loading=\"lazy\" src=\"http:\/\/biblioteka.witnica.pl\/wp-content\/uploads\/2026\/02\/6-2-Plac-Wolnosci.jpg\" alt=\"\" class=\"wp-image-3294\" width=\"803\" height=\"635\" srcset=\"https:\/\/biblioteka.witnica.pl\/wp-content\/uploads\/2026\/02\/6-2-Plac-Wolnosci.jpg 587w, https:\/\/biblioteka.witnica.pl\/wp-content\/uploads\/2026\/02\/6-2-Plac-Wolnosci-300x237.jpg 300w, https:\/\/biblioteka.witnica.pl\/wp-content\/uploads\/2026\/02\/6-2-Plac-Wolnosci-316x250.jpg 316w\" sizes=\"(max-width: 803px) 100vw, 803px\" \/><\/figure>\n\n\n\n<div class=\"wp-block-media-text alignwide has-media-on-the-right is-stacked-on-mobile\"><figure class=\"wp-block-media-text__media\"><img loading=\"lazy\" width=\"1024\" height=\"727\" src=\"http:\/\/biblioteka.witnica.pl\/wp-content\/uploads\/2026\/02\/7-1-1024x727.jpg\" alt=\"\" class=\"wp-image-3295 size-full\" srcset=\"https:\/\/biblioteka.witnica.pl\/wp-content\/uploads\/2026\/02\/7-1-1024x727.jpg 1024w, https:\/\/biblioteka.witnica.pl\/wp-content\/uploads\/2026\/02\/7-1-300x213.jpg 300w, https:\/\/biblioteka.witnica.pl\/wp-content\/uploads\/2026\/02\/7-1-768x546.jpg 768w, https:\/\/biblioteka.witnica.pl\/wp-content\/uploads\/2026\/02\/7-1-1536x1091.jpg 1536w, https:\/\/biblioteka.witnica.pl\/wp-content\/uploads\/2026\/02\/7-1-2048x1455.jpg 2048w, https:\/\/biblioteka.witnica.pl\/wp-content\/uploads\/2026\/02\/7-1-352x250.jpg 352w\" sizes=\"(max-width: 1024px) 100vw, 1024px\" \/><\/figure><div class=\"wp-block-media-text__content\">\n<p class=\"has-regular-font-size\">&#8222;Zur Post&#8221; (&#8222;Przy Poczcie&#8221;), kt\u00f3ry sta\u0142 na miejscu perfumerii Rossmann.<\/p>\n<\/div><\/div>\n\n\n\n<figure class=\"wp-block-image size-full\"><img loading=\"lazy\" width=\"791\" height=\"569\" src=\"http:\/\/biblioteka.witnica.pl\/wp-content\/uploads\/2026\/02\/7-2.jpg\" alt=\"\" class=\"wp-image-3296\" srcset=\"https:\/\/biblioteka.witnica.pl\/wp-content\/uploads\/2026\/02\/7-2.jpg 791w, https:\/\/biblioteka.witnica.pl\/wp-content\/uploads\/2026\/02\/7-2-300x216.jpg 300w, https:\/\/biblioteka.witnica.pl\/wp-content\/uploads\/2026\/02\/7-2-768x552.jpg 768w, https:\/\/biblioteka.witnica.pl\/wp-content\/uploads\/2026\/02\/7-2-348x250.jpg 348w\" sizes=\"(max-width: 791px) 100vw, 791px\" \/><\/figure>\n\n\n\n<div class=\"wp-block-media-text alignwide is-stacked-on-mobile\"><figure class=\"wp-block-media-text__media\"><img loading=\"lazy\" width=\"1024\" height=\"789\" src=\"http:\/\/biblioteka.witnica.pl\/wp-content\/uploads\/2026\/02\/4-Kolejowa-1024x789.jpg\" alt=\"\" class=\"wp-image-3297 size-full\" srcset=\"https:\/\/biblioteka.witnica.pl\/wp-content\/uploads\/2026\/02\/4-Kolejowa-1024x789.jpg 1024w, https:\/\/biblioteka.witnica.pl\/wp-content\/uploads\/2026\/02\/4-Kolejowa-300x231.jpg 300w, https:\/\/biblioteka.witnica.pl\/wp-content\/uploads\/2026\/02\/4-Kolejowa-768x591.jpg 768w, https:\/\/biblioteka.witnica.pl\/wp-content\/uploads\/2026\/02\/4-Kolejowa-1536x1183.jpg 1536w, https:\/\/biblioteka.witnica.pl\/wp-content\/uploads\/2026\/02\/4-Kolejowa-325x250.jpg 325w, https:\/\/biblioteka.witnica.pl\/wp-content\/uploads\/2026\/02\/4-Kolejowa.jpg 1753w\" sizes=\"(max-width: 1024px) 100vw, 1024px\" \/><\/figure><div class=\"wp-block-media-text__content\">\n<p class=\"has-regular-font-size\">Drugi z hoteli przy ul. Kolejowej.<\/p>\n<\/div><\/div>\n\n\n\n<figure class=\"wp-block-image size-large\"><img loading=\"lazy\" width=\"1024\" height=\"768\" src=\"http:\/\/biblioteka.witnica.pl\/wp-content\/uploads\/2026\/02\/4-2-Kolejowa-1024x768.jpg\" alt=\"\" class=\"wp-image-3298\" srcset=\"https:\/\/biblioteka.witnica.pl\/wp-content\/uploads\/2026\/02\/4-2-Kolejowa-1024x768.jpg 1024w, https:\/\/biblioteka.witnica.pl\/wp-content\/uploads\/2026\/02\/4-2-Kolejowa-300x225.jpg 300w, https:\/\/biblioteka.witnica.pl\/wp-content\/uploads\/2026\/02\/4-2-Kolejowa-768x576.jpg 768w, https:\/\/biblioteka.witnica.pl\/wp-content\/uploads\/2026\/02\/4-2-Kolejowa-1536x1152.jpg 1536w, https:\/\/biblioteka.witnica.pl\/wp-content\/uploads\/2026\/02\/4-2-Kolejowa-2048x1536.jpg 2048w, https:\/\/biblioteka.witnica.pl\/wp-content\/uploads\/2026\/02\/4-2-Kolejowa-333x250.jpg 333w\" sizes=\"(max-width: 1024px) 100vw, 1024px\" \/><\/figure>\n\n\n\n<p>\u00a0\u00a0<\/p>\n<div class='sfsi_Sicons' style='width: 100%; display: inline-block; vertical-align: middle; text-align:left'><div style='margin:0px 8px 0px 0px; line-height: 24px'><span><\/span><\/div><div class='sfsi_socialwpr'><div class='sf_fb' style='text-align:left;vertical-align: middle;width:98px'><div class=\"fb-like\" href=\"https:\/\/biblioteka.witnica.pl\/?p=3284\" width=\"180\" send=\"false\" showfaces=\"false\"  action=\"like\" data-share=\"true\"data-layout=\"button\" ><\/div><\/div><\/div><\/div>","protected":false},"excerpt":{"rendered":"<p>Vietz\/Ostbahn by\u0142a wsi\u0105 przemys\u0142ow\u0105. Przybywa\u0142o do niej wielu interesant\u00f3w, kt\u00f3rzy gdzie\u015b musieli przenocowa\u0107 i zaspokoi\u0107 g\u0142\u00f3d. St\u0105d tyle hoteli.<\/p>\n","protected":false},"author":2,"featured_media":3286,"comment_status":"open","ping_status":"open","sticky":false,"template":"","format":"standard","meta":[],"categories":[1,15],"tags":[16,31],"_links":{"self":[{"href":"https:\/\/biblioteka.witnica.pl\/index.php?rest_route=\/wp\/v2\/posts\/3284"}],"collection":[{"href":"https:\/\/biblioteka.witnica.pl\/index.php?rest_route=\/wp\/v2\/posts"}],"about":[{"href":"https:\/\/biblioteka.witnica.pl\/index.php?rest_route=\/wp\/v2\/types\/post"}],"author":[{"embeddable":true,"href":"https:\/\/biblioteka.witnica.pl\/index.php?rest_route=\/wp\/v2\/users\/2"}],"replies":[{"embeddable":true,"href":"https:\/\/biblioteka.witnica.pl\/index.php?rest_route=%2Fwp%2Fv2%2Fcomments&post=3284"}],"version-history":[{"count":2,"href":"https:\/\/biblioteka.witnica.pl\/index.php?rest_route=\/wp\/v2\/posts\/3284\/revisions"}],"predecessor-version":[{"id":3301,"href":"https:\/\/biblioteka.witnica.pl\/index.php?rest_route=\/wp\/v2\/posts\/3284\/revisions\/3301"}],"wp:featuredmedia":[{"embeddable":true,"href":"https:\/\/biblioteka.witnica.pl\/index.php?rest_route=\/wp\/v2\/media\/3286"}],"wp:attachment":[{"href":"https:\/\/biblioteka.witnica.pl\/index.php?rest_route=%2Fwp%2Fv2%2Fmedia&parent=3284"}],"wp:term":[{"taxonomy":"category","embeddable":true,"href":"https:\/\/biblioteka.witnica.pl\/index.php?rest_route=%2Fwp%2Fv2%2Fcategories&post=3284"},{"taxonomy":"post_tag","embeddable":true,"href":"https:\/\/biblioteka.witnica.pl\/index.php?rest_route=%2Fwp%2Fv2%2Ftags&post=3284"}],"curies":[{"name":"wp","href":"https:\/\/api.w.org\/{rel}","templated":true}]}}