{"id":3263,"date":"2026-02-04T11:42:05","date_gmt":"2026-02-04T11:42:05","guid":{"rendered":"https:\/\/biblioteka.witnica.pl\/?p=3263"},"modified":"2026-02-04T11:42:05","modified_gmt":"2026-02-04T11:42:05","slug":"opowiesci-o-moscicach","status":"publish","type":"post","link":"https:\/\/biblioteka.witnica.pl\/?p=3263","title":{"rendered":"Opowie\u015bci o Mo\u015bcicach"},"content":{"rendered":"\n<p><em>28 stycznia w witnickiej bibliotece odby\u0142o si\u0119 spotkanie autorskie z Andrzejem Wysocza\u0144skim i Robertem Piekarskim. Obaj pisz\u0105 o podwitnickich Mo\u015bcicach.<\/em><\/p>\n<p>\u00a0<\/p>\n\n\n\n<div class=\"wp-block-columns alignwide are-vertically-aligned-center\">\n<div class=\"wp-block-column\" style=\"flex-basis:80%\">\n<p class=\"has-regular-font-size\">Andrzej Wysocza\u0144ski, prezes Towarzystwa Przyjaci\u00f3\u0142 Mo\u015bcic jest wraz ze Zbigniewem Czarnuchem wsp\u00f3\u0142autorem ksi\u0105\u017cki \u201eZ dziej\u00f3w wsi Mo\u015bcice \u2013 dawniej Blumberg\u201d. Razem z Robertem Piekarskim i Robertem Furmaniakiem napisa\u0142 tak\u017ce \u201eMo\u015bcickie legendy. O Duchu Puszczy, M\u0142ynarzu i jego c\u00f3rce\u201d.<\/p>\n<\/div>\n\n\n\n<div class=\"wp-block-column\" style=\"flex-basis:20%\">\n<figure class=\"wp-block-image\"><img loading=\"lazy\" width=\"715\" height=\"1024\" src=\"http:\/\/biblioteka.witnica.pl\/wp-content\/uploads\/2026\/02\/Moscickie-legendy-715x1024.jpg\" alt=\"\" class=\"wp-image-3264\" srcset=\"https:\/\/biblioteka.witnica.pl\/wp-content\/uploads\/2026\/02\/Moscickie-legendy-715x1024.jpg 715w, https:\/\/biblioteka.witnica.pl\/wp-content\/uploads\/2026\/02\/Moscickie-legendy-210x300.jpg 210w, https:\/\/biblioteka.witnica.pl\/wp-content\/uploads\/2026\/02\/Moscickie-legendy-768x1100.jpg 768w, https:\/\/biblioteka.witnica.pl\/wp-content\/uploads\/2026\/02\/Moscickie-legendy-1073x1536.jpg 1073w, https:\/\/biblioteka.witnica.pl\/wp-content\/uploads\/2026\/02\/Moscickie-legendy-175x250.jpg 175w, https:\/\/biblioteka.witnica.pl\/wp-content\/uploads\/2026\/02\/Moscickie-legendy.jpg 1153w\" sizes=\"(max-width: 715px) 100vw, 715px\" \/><\/figure>\n<\/div>\n<\/div>\n\n\n\n<div class=\"wp-block-columns alignwide are-vertically-aligned-center\">\n<div class=\"wp-block-column\" style=\"flex-basis:50%\">\n<figure class=\"wp-block-image\"><img loading=\"lazy\" width=\"1024\" height=\"768\" src=\"http:\/\/biblioteka.witnica.pl\/wp-content\/uploads\/2026\/02\/38-1024x768.jpg\" alt=\"\" class=\"wp-image-3265\" srcset=\"https:\/\/biblioteka.witnica.pl\/wp-content\/uploads\/2026\/02\/38-1024x768.jpg 1024w, https:\/\/biblioteka.witnica.pl\/wp-content\/uploads\/2026\/02\/38-300x225.jpg 300w, https:\/\/biblioteka.witnica.pl\/wp-content\/uploads\/2026\/02\/38-768x576.jpg 768w, https:\/\/biblioteka.witnica.pl\/wp-content\/uploads\/2026\/02\/38-1536x1152.jpg 1536w, https:\/\/biblioteka.witnica.pl\/wp-content\/uploads\/2026\/02\/38-333x250.jpg 333w, https:\/\/biblioteka.witnica.pl\/wp-content\/uploads\/2026\/02\/38.jpg 2048w\" sizes=\"(max-width: 1024px) 100vw, 1024px\" \/><\/figure>\n<\/div>\n\n\n\n<div class=\"wp-block-column\" style=\"flex-basis:50%\">\n<p class=\"has-regular-font-size\">Spotkanie otworzy\u0142a wzbogacona prezentacj\u0105 graficzn\u0105 prelekcja Andrzeja Wysocza\u0144skiego. Regionalista opowiedzia\u0142 o prehistorii miejscowo\u015bci, o pochodzeniu polskiej i niemieckiej nazwy. Podzieli\u0142 si\u0119 tak\u017ce wiedz\u0105 o miejscowej kopalni w\u0119gla, ko\u015bciele, stra\u017cy po\u017carnej oraz \u00a0innych sprawach i instytucjach.<\/p>\n<\/div>\n<\/div>\n\n\n\n<div class=\"wp-block-columns alignwide are-vertically-aligned-center\">\n<div class=\"wp-block-column\" style=\"flex-basis:62%\">\n<p class=\"has-regular-font-size\">Wyk\u0142ad by\u0142 po\u0142\u0105czony z otwarciem wystawy \u201eDawno temu w Mo\u015bcicach\u201d, na kt\u00f3rej mo\u017cna obejrze\u0107 \u00a0m. in. fotografie, dokumenty, tabliczki, naczynia i urz\u0119dowe piecz\u0119cie.<\/p>\n<\/div>\n\n\n\n<div class=\"wp-block-column\" style=\"flex-basis:38%\">\n<figure class=\"wp-block-image\"><img loading=\"lazy\" width=\"1024\" height=\"768\" src=\"http:\/\/biblioteka.witnica.pl\/wp-content\/uploads\/2026\/02\/1-1024x768.jpg\" alt=\"\" class=\"wp-image-3266\" srcset=\"https:\/\/biblioteka.witnica.pl\/wp-content\/uploads\/2026\/02\/1-1024x768.jpg 1024w, https:\/\/biblioteka.witnica.pl\/wp-content\/uploads\/2026\/02\/1-300x225.jpg 300w, https:\/\/biblioteka.witnica.pl\/wp-content\/uploads\/2026\/02\/1-768x576.jpg 768w, https:\/\/biblioteka.witnica.pl\/wp-content\/uploads\/2026\/02\/1-1536x1152.jpg 1536w, https:\/\/biblioteka.witnica.pl\/wp-content\/uploads\/2026\/02\/1-2048x1536.jpg 2048w, https:\/\/biblioteka.witnica.pl\/wp-content\/uploads\/2026\/02\/1-333x250.jpg 333w\" sizes=\"(max-width: 1024px) 100vw, 1024px\" \/><\/figure>\n<\/div>\n<\/div>\n\n\n\n<div class=\"wp-block-columns alignwide are-vertically-aligned-center\">\n<div class=\"wp-block-column\" style=\"flex-basis:24%\">\n<figure class=\"wp-block-image\"><img loading=\"lazy\" width=\"790\" height=\"1024\" src=\"http:\/\/biblioteka.witnica.pl\/wp-content\/uploads\/2026\/02\/20260129_074701-790x1024.jpg\" alt=\"\" class=\"wp-image-3267\" srcset=\"https:\/\/biblioteka.witnica.pl\/wp-content\/uploads\/2026\/02\/20260129_074701-790x1024.jpg 790w, https:\/\/biblioteka.witnica.pl\/wp-content\/uploads\/2026\/02\/20260129_074701-232x300.jpg 232w, https:\/\/biblioteka.witnica.pl\/wp-content\/uploads\/2026\/02\/20260129_074701-768x995.jpg 768w, https:\/\/biblioteka.witnica.pl\/wp-content\/uploads\/2026\/02\/20260129_074701-1185x1536.jpg 1185w, https:\/\/biblioteka.witnica.pl\/wp-content\/uploads\/2026\/02\/20260129_074701-1581x2048.jpg 1581w, https:\/\/biblioteka.witnica.pl\/wp-content\/uploads\/2026\/02\/20260129_074701-193x250.jpg 193w, https:\/\/biblioteka.witnica.pl\/wp-content\/uploads\/2026\/02\/20260129_074701-scaled.jpg 1976w\" sizes=\"(max-width: 790px) 100vw, 790px\" \/><\/figure>\n<\/div>\n\n\n\n<div class=\"wp-block-column\" style=\"flex-basis:76%\">\n<p class=\"has-regular-font-size\">Jej uzupe\u0142nieniem jest siedem plansz opisuj\u0105cych \u201eSkarb z Mo\u015bcic\u201d \u2013 kilkadziesi\u0105t siedemnastowiecznych monet pochodz\u0105cych z kilku europejskich kraj\u00f3w. Wiedz\u0119 o tym znalezisku wzbogaci\u0142 obecny na spotkaniu Pawe\u0142 Ka\u017amierczak, archeolog z muzeum gorzowskiego, do kt\u00f3rego trafi\u0142y te monety.<\/p>\n<\/div>\n<\/div>\n\n\n\n<p>Ekspozycja b\u0119dzie czynna do pocz\u0105tku marca.<\/p>\n\n\n\n<div class=\"wp-block-columns alignwide are-vertically-aligned-center\">\n<div class=\"wp-block-column\" style=\"flex-basis:50%\">\n<p class=\"has-regular-font-size\">W spotkaniu uczestniczy\u0142o oko\u0142o 70 os\u00f3b, w tym m\u0142odzie\u017c z obu witnickich szk\u00f3\u0142 podstawowych oraz przedstawiciele Towarzystwa Przyjaci\u00f3\u0142 Witnicy, Towarzystwa Przyjaci\u00f3\u0142 Mo\u015bcic, Uniwersytetu Trzeciego Wieku i Klubu Seniora.<\/p>\n<\/div>\n\n\n\n<div class=\"wp-block-column\" style=\"flex-basis:50%\">\n<figure class=\"wp-block-image\"><img loading=\"lazy\" width=\"1024\" height=\"652\" src=\"http:\/\/biblioteka.witnica.pl\/wp-content\/uploads\/2026\/02\/18-1024x652.jpg\" alt=\"\" class=\"wp-image-3268\" srcset=\"https:\/\/biblioteka.witnica.pl\/wp-content\/uploads\/2026\/02\/18-1024x652.jpg 1024w, https:\/\/biblioteka.witnica.pl\/wp-content\/uploads\/2026\/02\/18-300x191.jpg 300w, https:\/\/biblioteka.witnica.pl\/wp-content\/uploads\/2026\/02\/18-768x489.jpg 768w, https:\/\/biblioteka.witnica.pl\/wp-content\/uploads\/2026\/02\/18-1536x977.jpg 1536w, https:\/\/biblioteka.witnica.pl\/wp-content\/uploads\/2026\/02\/18-352x224.jpg 352w, https:\/\/biblioteka.witnica.pl\/wp-content\/uploads\/2026\/02\/18.jpg 1919w\" sizes=\"(max-width: 1024px) 100vw, 1024px\" \/><\/figure>\n<\/div>\n<\/div>\n\n\n\n<figure class=\"wp-block-gallery has-nested-images columns-default is-cropped\">\n<figure class=\"wp-block-image size-large\"><img loading=\"lazy\" width=\"1200\" height=\"1066\" data-id=\"3269\"  src=\"http:\/\/biblioteka.witnica.pl\/wp-content\/uploads\/2026\/02\/Bez-nazwy.jpg\" alt=\"\" class=\"wp-image-3269\" srcset=\"https:\/\/biblioteka.witnica.pl\/wp-content\/uploads\/2026\/02\/Bez-nazwy.jpg 1200w, https:\/\/biblioteka.witnica.pl\/wp-content\/uploads\/2026\/02\/Bez-nazwy-300x267.jpg 300w, https:\/\/biblioteka.witnica.pl\/wp-content\/uploads\/2026\/02\/Bez-nazwy-1024x910.jpg 1024w, https:\/\/biblioteka.witnica.pl\/wp-content\/uploads\/2026\/02\/Bez-nazwy-768x682.jpg 768w, https:\/\/biblioteka.witnica.pl\/wp-content\/uploads\/2026\/02\/Bez-nazwy-281x250.jpg 281w\" sizes=\"(max-width: 1200px) 100vw, 1200px\" \/><\/figure>\n\n\n\n<figure class=\"wp-block-image size-large\"><img loading=\"lazy\" width=\"1917\" height=\"1536\" data-id=\"3270\"  src=\"http:\/\/biblioteka.witnica.pl\/wp-content\/uploads\/2026\/02\/16.jpg\" alt=\"\" class=\"wp-image-3270\" srcset=\"https:\/\/biblioteka.witnica.pl\/wp-content\/uploads\/2026\/02\/16.jpg 1917w, https:\/\/biblioteka.witnica.pl\/wp-content\/uploads\/2026\/02\/16-300x240.jpg 300w, https:\/\/biblioteka.witnica.pl\/wp-content\/uploads\/2026\/02\/16-1024x820.jpg 1024w, https:\/\/biblioteka.witnica.pl\/wp-content\/uploads\/2026\/02\/16-768x615.jpg 768w, https:\/\/biblioteka.witnica.pl\/wp-content\/uploads\/2026\/02\/16-1536x1231.jpg 1536w, https:\/\/biblioteka.witnica.pl\/wp-content\/uploads\/2026\/02\/16-312x250.jpg 312w\" sizes=\"(max-width: 1917px) 100vw, 1917px\" \/><\/figure>\n\n\n\n<figure class=\"wp-block-image size-large\"><img loading=\"lazy\" width=\"1599\" height=\"1200\" data-id=\"3271\"  src=\"http:\/\/biblioteka.witnica.pl\/wp-content\/uploads\/2026\/02\/3.jpg\" alt=\"\" class=\"wp-image-3271\" srcset=\"https:\/\/biblioteka.witnica.pl\/wp-content\/uploads\/2026\/02\/3.jpg 1599w, https:\/\/biblioteka.witnica.pl\/wp-content\/uploads\/2026\/02\/3-300x225.jpg 300w, https:\/\/biblioteka.witnica.pl\/wp-content\/uploads\/2026\/02\/3-1024x768.jpg 1024w, https:\/\/biblioteka.witnica.pl\/wp-content\/uploads\/2026\/02\/3-768x576.jpg 768w, https:\/\/biblioteka.witnica.pl\/wp-content\/uploads\/2026\/02\/3-1536x1153.jpg 1536w, https:\/\/biblioteka.witnica.pl\/wp-content\/uploads\/2026\/02\/3-333x250.jpg 333w\" sizes=\"(max-width: 1599px) 100vw, 1599px\" \/><\/figure>\n\n\n\n<figure class=\"wp-block-image size-large\"><img loading=\"lazy\" width=\"2560\" height=\"1889\" data-id=\"3272\"  src=\"http:\/\/biblioteka.witnica.pl\/wp-content\/uploads\/2026\/02\/2-scaled.jpg\" alt=\"\" class=\"wp-image-3272\" srcset=\"https:\/\/biblioteka.witnica.pl\/wp-content\/uploads\/2026\/02\/2-scaled.jpg 2560w, https:\/\/biblioteka.witnica.pl\/wp-content\/uploads\/2026\/02\/2-300x221.jpg 300w, https:\/\/biblioteka.witnica.pl\/wp-content\/uploads\/2026\/02\/2-1024x756.jpg 1024w, https:\/\/biblioteka.witnica.pl\/wp-content\/uploads\/2026\/02\/2-768x567.jpg 768w, https:\/\/biblioteka.witnica.pl\/wp-content\/uploads\/2026\/02\/2-1536x1133.jpg 1536w, https:\/\/biblioteka.witnica.pl\/wp-content\/uploads\/2026\/02\/2-2048x1511.jpg 2048w, https:\/\/biblioteka.witnica.pl\/wp-content\/uploads\/2026\/02\/2-339x250.jpg 339w\" sizes=\"(max-width: 2560px) 100vw, 2560px\" \/><\/figure>\n\n\n\n<figure class=\"wp-block-image size-large\"><img loading=\"lazy\" width=\"2560\" height=\"1920\" data-id=\"3273\"  src=\"http:\/\/biblioteka.witnica.pl\/wp-content\/uploads\/2026\/02\/3-1-scaled.jpg\" alt=\"\" class=\"wp-image-3273\" srcset=\"https:\/\/biblioteka.witnica.pl\/wp-content\/uploads\/2026\/02\/3-1-scaled.jpg 2560w, https:\/\/biblioteka.witnica.pl\/wp-content\/uploads\/2026\/02\/3-1-300x225.jpg 300w, https:\/\/biblioteka.witnica.pl\/wp-content\/uploads\/2026\/02\/3-1-1024x768.jpg 1024w, https:\/\/biblioteka.witnica.pl\/wp-content\/uploads\/2026\/02\/3-1-768x576.jpg 768w, https:\/\/biblioteka.witnica.pl\/wp-content\/uploads\/2026\/02\/3-1-1536x1152.jpg 1536w, https:\/\/biblioteka.witnica.pl\/wp-content\/uploads\/2026\/02\/3-1-2048x1536.jpg 2048w, https:\/\/biblioteka.witnica.pl\/wp-content\/uploads\/2026\/02\/3-1-333x250.jpg 333w\" sizes=\"(max-width: 2560px) 100vw, 2560px\" \/><\/figure>\n\n\n\n<figure class=\"wp-block-image size-large\"><img loading=\"lazy\" width=\"2560\" height=\"1920\" data-id=\"3274\"  src=\"http:\/\/biblioteka.witnica.pl\/wp-content\/uploads\/2026\/02\/4-scaled.jpg\" alt=\"\" class=\"wp-image-3274\" srcset=\"https:\/\/biblioteka.witnica.pl\/wp-content\/uploads\/2026\/02\/4-scaled.jpg 2560w, https:\/\/biblioteka.witnica.pl\/wp-content\/uploads\/2026\/02\/4-300x225.jpg 300w, https:\/\/biblioteka.witnica.pl\/wp-content\/uploads\/2026\/02\/4-1024x768.jpg 1024w, https:\/\/biblioteka.witnica.pl\/wp-content\/uploads\/2026\/02\/4-768x576.jpg 768w, https:\/\/biblioteka.witnica.pl\/wp-content\/uploads\/2026\/02\/4-1536x1152.jpg 1536w, https:\/\/biblioteka.witnica.pl\/wp-content\/uploads\/2026\/02\/4-2048x1536.jpg 2048w, https:\/\/biblioteka.witnica.pl\/wp-content\/uploads\/2026\/02\/4-333x250.jpg 333w\" sizes=\"(max-width: 2560px) 100vw, 2560px\" \/><\/figure>\n\n\n\n<figure class=\"wp-block-image size-large\"><img loading=\"lazy\" width=\"2560\" height=\"2149\" data-id=\"3275\"  src=\"http:\/\/biblioteka.witnica.pl\/wp-content\/uploads\/2026\/02\/5-scaled.jpg\" alt=\"\" class=\"wp-image-3275\" srcset=\"https:\/\/biblioteka.witnica.pl\/wp-content\/uploads\/2026\/02\/5-scaled.jpg 2560w, https:\/\/biblioteka.witnica.pl\/wp-content\/uploads\/2026\/02\/5-300x252.jpg 300w, https:\/\/biblioteka.witnica.pl\/wp-content\/uploads\/2026\/02\/5-1024x860.jpg 1024w, https:\/\/biblioteka.witnica.pl\/wp-content\/uploads\/2026\/02\/5-768x645.jpg 768w, https:\/\/biblioteka.witnica.pl\/wp-content\/uploads\/2026\/02\/5-1536x1289.jpg 1536w, https:\/\/biblioteka.witnica.pl\/wp-content\/uploads\/2026\/02\/5-2048x1719.jpg 2048w, https:\/\/biblioteka.witnica.pl\/wp-content\/uploads\/2026\/02\/5-298x250.jpg 298w\" sizes=\"(max-width: 2560px) 100vw, 2560px\" \/><\/figure>\n\n\n\n<figure class=\"wp-block-image size-large\"><img loading=\"lazy\" width=\"2560\" height=\"1847\" data-id=\"3276\"  src=\"http:\/\/biblioteka.witnica.pl\/wp-content\/uploads\/2026\/02\/6-scaled.jpg\" alt=\"\" class=\"wp-image-3276\" srcset=\"https:\/\/biblioteka.witnica.pl\/wp-content\/uploads\/2026\/02\/6-scaled.jpg 2560w, https:\/\/biblioteka.witnica.pl\/wp-content\/uploads\/2026\/02\/6-300x216.jpg 300w, https:\/\/biblioteka.witnica.pl\/wp-content\/uploads\/2026\/02\/6-1024x739.jpg 1024w, https:\/\/biblioteka.witnica.pl\/wp-content\/uploads\/2026\/02\/6-768x554.jpg 768w, https:\/\/biblioteka.witnica.pl\/wp-content\/uploads\/2026\/02\/6-1536x1108.jpg 1536w, https:\/\/biblioteka.witnica.pl\/wp-content\/uploads\/2026\/02\/6-2048x1477.jpg 2048w, https:\/\/biblioteka.witnica.pl\/wp-content\/uploads\/2026\/02\/6-347x250.jpg 347w\" sizes=\"(max-width: 2560px) 100vw, 2560px\" \/><\/figure>\n\n\n\n<figure class=\"wp-block-image size-large\"><img loading=\"lazy\" width=\"2560\" height=\"1920\" data-id=\"3277\"  src=\"http:\/\/biblioteka.witnica.pl\/wp-content\/uploads\/2026\/02\/7-scaled.jpg\" alt=\"\" class=\"wp-image-3277\" srcset=\"https:\/\/biblioteka.witnica.pl\/wp-content\/uploads\/2026\/02\/7-scaled.jpg 2560w, https:\/\/biblioteka.witnica.pl\/wp-content\/uploads\/2026\/02\/7-300x225.jpg 300w, https:\/\/biblioteka.witnica.pl\/wp-content\/uploads\/2026\/02\/7-1024x768.jpg 1024w, https:\/\/biblioteka.witnica.pl\/wp-content\/uploads\/2026\/02\/7-768x576.jpg 768w, https:\/\/biblioteka.witnica.pl\/wp-content\/uploads\/2026\/02\/7-1536x1152.jpg 1536w, https:\/\/biblioteka.witnica.pl\/wp-content\/uploads\/2026\/02\/7-2048x1536.jpg 2048w, https:\/\/biblioteka.witnica.pl\/wp-content\/uploads\/2026\/02\/7-333x250.jpg 333w\" sizes=\"(max-width: 2560px) 100vw, 2560px\" \/><\/figure>\n\n\n\n<figure class=\"wp-block-image size-large\"><img loading=\"lazy\" width=\"1920\" height=\"2560\" data-id=\"3278\"  src=\"http:\/\/biblioteka.witnica.pl\/wp-content\/uploads\/2026\/02\/8-scaled.jpg\" alt=\"\" class=\"wp-image-3278\" srcset=\"https:\/\/biblioteka.witnica.pl\/wp-content\/uploads\/2026\/02\/8-scaled.jpg 1920w, https:\/\/biblioteka.witnica.pl\/wp-content\/uploads\/2026\/02\/8-225x300.jpg 225w, https:\/\/biblioteka.witnica.pl\/wp-content\/uploads\/2026\/02\/8-768x1024.jpg 768w, https:\/\/biblioteka.witnica.pl\/wp-content\/uploads\/2026\/02\/8-1152x1536.jpg 1152w, https:\/\/biblioteka.witnica.pl\/wp-content\/uploads\/2026\/02\/8-1536x2048.jpg 1536w, https:\/\/biblioteka.witnica.pl\/wp-content\/uploads\/2026\/02\/8-188x250.jpg 188w\" sizes=\"(max-width: 1920px) 100vw, 1920px\" \/><\/figure>\n\n\n\n<figure class=\"wp-block-image size-large\"><img loading=\"lazy\" width=\"2560\" height=\"1920\" data-id=\"3279\"  src=\"http:\/\/biblioteka.witnica.pl\/wp-content\/uploads\/2026\/02\/9-scaled.jpg\" alt=\"\" class=\"wp-image-3279\" srcset=\"https:\/\/biblioteka.witnica.pl\/wp-content\/uploads\/2026\/02\/9-scaled.jpg 2560w, https:\/\/biblioteka.witnica.pl\/wp-content\/uploads\/2026\/02\/9-300x225.jpg 300w, https:\/\/biblioteka.witnica.pl\/wp-content\/uploads\/2026\/02\/9-1024x768.jpg 1024w, https:\/\/biblioteka.witnica.pl\/wp-content\/uploads\/2026\/02\/9-768x576.jpg 768w, https:\/\/biblioteka.witnica.pl\/wp-content\/uploads\/2026\/02\/9-1536x1152.jpg 1536w, https:\/\/biblioteka.witnica.pl\/wp-content\/uploads\/2026\/02\/9-2048x1536.jpg 2048w, https:\/\/biblioteka.witnica.pl\/wp-content\/uploads\/2026\/02\/9-333x250.jpg 333w\" sizes=\"(max-width: 2560px) 100vw, 2560px\" \/><\/figure>\n\n\n\n<figure class=\"wp-block-image size-large\"><img loading=\"lazy\" width=\"2560\" height=\"1920\" data-id=\"3280\"  src=\"http:\/\/biblioteka.witnica.pl\/wp-content\/uploads\/2026\/02\/10-scaled.jpg\" alt=\"\" class=\"wp-image-3280\" srcset=\"https:\/\/biblioteka.witnica.pl\/wp-content\/uploads\/2026\/02\/10-scaled.jpg 2560w, https:\/\/biblioteka.witnica.pl\/wp-content\/uploads\/2026\/02\/10-300x225.jpg 300w, https:\/\/biblioteka.witnica.pl\/wp-content\/uploads\/2026\/02\/10-1024x768.jpg 1024w, https:\/\/biblioteka.witnica.pl\/wp-content\/uploads\/2026\/02\/10-768x576.jpg 768w, https:\/\/biblioteka.witnica.pl\/wp-content\/uploads\/2026\/02\/10-1536x1152.jpg 1536w, https:\/\/biblioteka.witnica.pl\/wp-content\/uploads\/2026\/02\/10-2048x1536.jpg 2048w, https:\/\/biblioteka.witnica.pl\/wp-content\/uploads\/2026\/02\/10-333x250.jpg 333w\" sizes=\"(max-width: 2560px) 100vw, 2560px\" \/><\/figure>\n\n\n\n<figure class=\"wp-block-image size-large\"><img loading=\"lazy\" width=\"1920\" height=\"2560\" data-id=\"3281\"  src=\"http:\/\/biblioteka.witnica.pl\/wp-content\/uploads\/2026\/02\/11-scaled.jpg\" alt=\"\" class=\"wp-image-3281\" srcset=\"https:\/\/biblioteka.witnica.pl\/wp-content\/uploads\/2026\/02\/11-scaled.jpg 1920w, https:\/\/biblioteka.witnica.pl\/wp-content\/uploads\/2026\/02\/11-225x300.jpg 225w, https:\/\/biblioteka.witnica.pl\/wp-content\/uploads\/2026\/02\/11-768x1024.jpg 768w, https:\/\/biblioteka.witnica.pl\/wp-content\/uploads\/2026\/02\/11-1152x1536.jpg 1152w, https:\/\/biblioteka.witnica.pl\/wp-content\/uploads\/2026\/02\/11-1536x2048.jpg 1536w, https:\/\/biblioteka.witnica.pl\/wp-content\/uploads\/2026\/02\/11-188x250.jpg 188w\" sizes=\"(max-width: 1920px) 100vw, 1920px\" \/><\/figure>\n\n\n\n<figure class=\"wp-block-image size-large\"><img loading=\"lazy\" width=\"2560\" height=\"2161\" data-id=\"3282\"  src=\"http:\/\/biblioteka.witnica.pl\/wp-content\/uploads\/2026\/02\/12-scaled.jpg\" alt=\"\" class=\"wp-image-3282\" srcset=\"https:\/\/biblioteka.witnica.pl\/wp-content\/uploads\/2026\/02\/12-scaled.jpg 2560w, https:\/\/biblioteka.witnica.pl\/wp-content\/uploads\/2026\/02\/12-300x253.jpg 300w, https:\/\/biblioteka.witnica.pl\/wp-content\/uploads\/2026\/02\/12-1024x865.jpg 1024w, https:\/\/biblioteka.witnica.pl\/wp-content\/uploads\/2026\/02\/12-768x648.jpg 768w, https:\/\/biblioteka.witnica.pl\/wp-content\/uploads\/2026\/02\/12-1536x1297.jpg 1536w, https:\/\/biblioteka.witnica.pl\/wp-content\/uploads\/2026\/02\/12-2048x1729.jpg 2048w, https:\/\/biblioteka.witnica.pl\/wp-content\/uploads\/2026\/02\/12-296x250.jpg 296w\" sizes=\"(max-width: 2560px) 100vw, 2560px\" \/><\/figure>\n<\/figure>\n\n\n<div class='sfsi_Sicons' style='width: 100%; display: inline-block; vertical-align: middle; text-align:left'><div style='margin:0px 8px 0px 0px; line-height: 24px'><span><\/span><\/div><div class='sfsi_socialwpr'><div class='sf_fb' style='text-align:left;vertical-align: middle;width:98px'><div class=\"fb-like\" href=\"https:\/\/biblioteka.witnica.pl\/?p=3263\" width=\"180\" send=\"false\" showfaces=\"false\"  action=\"like\" data-share=\"true\"data-layout=\"button\" ><\/div><\/div><\/div><\/div>","protected":false},"excerpt":{"rendered":"<p>28 stycznia w witnickiej bibliotece odby\u0142o si\u0119 spotkanie autorskie z Andrzejem Wysocza\u0144skim i Robertem Piekarskim. Obaj pisz\u0105 o podwitnickich Mo\u015bcicach.<\/p>\n","protected":false},"author":2,"featured_media":3269,"comment_status":"open","ping_status":"open","sticky":false,"template":"","format":"standard","meta":[],"categories":[1,15],"tags":[115,176],"_links":{"self":[{"href":"https:\/\/biblioteka.witnica.pl\/index.php?rest_route=\/wp\/v2\/posts\/3263"}],"collection":[{"href":"https:\/\/biblioteka.witnica.pl\/index.php?rest_route=\/wp\/v2\/posts"}],"about":[{"href":"https:\/\/biblioteka.witnica.pl\/index.php?rest_route=\/wp\/v2\/types\/post"}],"author":[{"embeddable":true,"href":"https:\/\/biblioteka.witnica.pl\/index.php?rest_route=\/wp\/v2\/users\/2"}],"replies":[{"embeddable":true,"href":"https:\/\/biblioteka.witnica.pl\/index.php?rest_route=%2Fwp%2Fv2%2Fcomments&post=3263"}],"version-history":[{"count":1,"href":"https:\/\/biblioteka.witnica.pl\/index.php?rest_route=\/wp\/v2\/posts\/3263\/revisions"}],"predecessor-version":[{"id":3283,"href":"https:\/\/biblioteka.witnica.pl\/index.php?rest_route=\/wp\/v2\/posts\/3263\/revisions\/3283"}],"wp:featuredmedia":[{"embeddable":true,"href":"https:\/\/biblioteka.witnica.pl\/index.php?rest_route=\/wp\/v2\/media\/3269"}],"wp:attachment":[{"href":"https:\/\/biblioteka.witnica.pl\/index.php?rest_route=%2Fwp%2Fv2%2Fmedia&parent=3263"}],"wp:term":[{"taxonomy":"category","embeddable":true,"href":"https:\/\/biblioteka.witnica.pl\/index.php?rest_route=%2Fwp%2Fv2%2Fcategories&post=3263"},{"taxonomy":"post_tag","embeddable":true,"href":"https:\/\/biblioteka.witnica.pl\/index.php?rest_route=%2Fwp%2Fv2%2Ftags&post=3263"}],"curies":[{"name":"wp","href":"https:\/\/api.w.org\/{rel}","templated":true}]}}