{"id":3071,"date":"2025-06-02T09:36:32","date_gmt":"2025-06-02T09:36:32","guid":{"rendered":"https:\/\/biblioteka.witnica.pl\/?p=3071"},"modified":"2025-06-02T09:36:32","modified_gmt":"2025-06-02T09:36:32","slug":"opowiesci-o-promieniowaniu-radioaktywnym","status":"publish","type":"post","link":"https:\/\/biblioteka.witnica.pl\/?p=3071","title":{"rendered":"Opowie\u015bci o promieniowaniu radioaktywnym"},"content":{"rendered":"\n<p class=\"has-large-font-size\">Opowie\u015bci o promieniowaniu radioaktywnym<\/p>\n\n\n\n<p>Dr hab. Lechos\u0142aw Jocz, prof. Akademii im. Jakuba z Parady\u017ca w Gorzowie Wlkp. jest j\u0119zykoznawc\u0105, badaczem etnolektu kaszubskiego i j\u0119zyk\u00f3w \u0142u\u017cyckich. Prywatnie interesuje si\u0119 promieniowaniem radioaktywnym, a zatem i katastrof\u0105 w Czarnobylskiej Elektrowni Atomowej. W dniu 27 maja opowiedzia\u0142 o swojej pasji czytelnikom witnickiej biblioteki na wyk\u0142adzie \u201eCzarnobyl a suszone podgrzybki. Kilka s\u0142\u00f3w o ska\u017ceniu promieniotw\u00f3rczym i jego pomiarach\u201d.<\/p>\n\n\n\n<div class=\"wp-block-columns alignwide are-vertically-aligned-center\">\n<div class=\"wp-block-column is-vertically-aligned-center\" style=\"flex-basis:50%\">\n<p class=\"has-regular-font-size\">Prof. Jocz opisa\u0142 powody i przebieg katastrofy, kt\u00f3ra wydarzy\u0142a si\u0119 26 kwietnia 1986 r. Przy okazji rozwia\u0142 kilka mit\u00f3w na ten temat. Wr\u00f3ci\u0142 wspomnieniami do podr\u00f3\u017cy po terenach ska\u017conych, dzi\u015b niedost\u0119pnych z powodu wojny. Przedstawi\u0142 tak\u017ce w dzia\u0142aniu detektory promieniowania, kt\u00f3rych u\u017cywa w terenie. Opowie\u015b\u0107 by\u0142a bogato okraszona fotografiami, mapami i wykresami.<\/p>\n<\/div>\n\n\n\n<div class=\"wp-block-column is-vertically-aligned-center\" style=\"flex-basis:50%\">\n<figure class=\"wp-block-image\"><img loading=\"lazy\" width=\"1024\" height=\"576\" src=\"http:\/\/biblioteka.witnica.pl\/wp-content\/uploads\/2025\/06\/InCollage_20250530_144103306-1024x576.jpg\" alt=\"\" class=\"wp-image-3072\" srcset=\"https:\/\/biblioteka.witnica.pl\/wp-content\/uploads\/2025\/06\/InCollage_20250530_144103306-1024x576.jpg 1024w, https:\/\/biblioteka.witnica.pl\/wp-content\/uploads\/2025\/06\/InCollage_20250530_144103306-300x169.jpg 300w, https:\/\/biblioteka.witnica.pl\/wp-content\/uploads\/2025\/06\/InCollage_20250530_144103306-768x432.jpg 768w, https:\/\/biblioteka.witnica.pl\/wp-content\/uploads\/2025\/06\/InCollage_20250530_144103306-1536x863.jpg 1536w, https:\/\/biblioteka.witnica.pl\/wp-content\/uploads\/2025\/06\/InCollage_20250530_144103306-2048x1151.jpg 2048w, https:\/\/biblioteka.witnica.pl\/wp-content\/uploads\/2025\/06\/InCollage_20250530_144103306-352x198.jpg 352w\" sizes=\"(max-width: 1024px) 100vw, 1024px\" \/><\/figure>\n<\/div>\n<\/div>\n\n\n\n<div class=\"wp-block-columns alignwide are-vertically-aligned-center\">\n<div class=\"wp-block-column is-vertically-aligned-center\" style=\"flex-basis:50%\">\n<figure class=\"wp-block-image\"><img loading=\"lazy\" width=\"1024\" height=\"671\" src=\"http:\/\/biblioteka.witnica.pl\/wp-content\/uploads\/2025\/06\/1-1024x671.jpg\" alt=\"\" class=\"wp-image-3073\" srcset=\"https:\/\/biblioteka.witnica.pl\/wp-content\/uploads\/2025\/06\/1-1024x671.jpg 1024w, https:\/\/biblioteka.witnica.pl\/wp-content\/uploads\/2025\/06\/1-300x196.jpg 300w, https:\/\/biblioteka.witnica.pl\/wp-content\/uploads\/2025\/06\/1-768x503.jpg 768w, https:\/\/biblioteka.witnica.pl\/wp-content\/uploads\/2025\/06\/1-1536x1006.jpg 1536w, https:\/\/biblioteka.witnica.pl\/wp-content\/uploads\/2025\/06\/1-2048x1341.jpg 2048w, https:\/\/biblioteka.witnica.pl\/wp-content\/uploads\/2025\/06\/1-352x231.jpg 352w\" sizes=\"(max-width: 1024px) 100vw, 1024px\" \/><\/figure>\n<\/div>\n\n\n\n<div class=\"wp-block-column is-vertically-aligned-center\" style=\"flex-basis:50%\">\n<p class=\"has-regular-font-size\">Dla mi\u0142o\u015bnik\u00f3w grzyb\u00f3w Lechos\u0142aw Jocz mia\u0142 dobr\u0105 nowin\u0119 \u2013 podgrzybki w naszych lasach i supermarketach zawieraj\u0105 aptekarskie \u015blady napromieniowania. Mo\u017cemy je spokojnie zbiera\u0107 i spo\u017cywa\u0107.<\/p>\n<\/div>\n<\/div>\n\n\n\n<figure class=\"wp-block-gallery has-nested-images columns-default is-cropped\">\n<figure class=\"wp-block-image size-large\"><img loading=\"lazy\" width=\"1341\" height=\"892\" data-id=\"3074\"  src=\"http:\/\/biblioteka.witnica.pl\/wp-content\/uploads\/2025\/06\/4.jpg\" alt=\"\" class=\"wp-image-3074\" srcset=\"https:\/\/biblioteka.witnica.pl\/wp-content\/uploads\/2025\/06\/4.jpg 1341w, https:\/\/biblioteka.witnica.pl\/wp-content\/uploads\/2025\/06\/4-300x200.jpg 300w, https:\/\/biblioteka.witnica.pl\/wp-content\/uploads\/2025\/06\/4-1024x681.jpg 1024w, https:\/\/biblioteka.witnica.pl\/wp-content\/uploads\/2025\/06\/4-768x511.jpg 768w, https:\/\/biblioteka.witnica.pl\/wp-content\/uploads\/2025\/06\/4-352x234.jpg 352w\" sizes=\"(max-width: 1341px) 100vw, 1341px\" \/><\/figure>\n\n\n\n<figure class=\"wp-block-image size-large\"><img loading=\"lazy\" width=\"2560\" height=\"1920\" data-id=\"3075\"  src=\"http:\/\/biblioteka.witnica.pl\/wp-content\/uploads\/2025\/06\/20250528_155356-scaled.jpg\" alt=\"\" class=\"wp-image-3075\" srcset=\"https:\/\/biblioteka.witnica.pl\/wp-content\/uploads\/2025\/06\/20250528_155356-scaled.jpg 2560w, https:\/\/biblioteka.witnica.pl\/wp-content\/uploads\/2025\/06\/20250528_155356-300x225.jpg 300w, https:\/\/biblioteka.witnica.pl\/wp-content\/uploads\/2025\/06\/20250528_155356-1024x768.jpg 1024w, https:\/\/biblioteka.witnica.pl\/wp-content\/uploads\/2025\/06\/20250528_155356-768x576.jpg 768w, https:\/\/biblioteka.witnica.pl\/wp-content\/uploads\/2025\/06\/20250528_155356-1536x1152.jpg 1536w, https:\/\/biblioteka.witnica.pl\/wp-content\/uploads\/2025\/06\/20250528_155356-2048x1536.jpg 2048w, https:\/\/biblioteka.witnica.pl\/wp-content\/uploads\/2025\/06\/20250528_155356-333x250.jpg 333w\" sizes=\"(max-width: 2560px) 100vw, 2560px\" \/><\/figure>\n\n\n\n<figure class=\"wp-block-image size-large\"><img loading=\"lazy\" width=\"1984\" height=\"2560\" data-id=\"3076\"  src=\"http:\/\/biblioteka.witnica.pl\/wp-content\/uploads\/2025\/06\/2-scaled.jpg\" alt=\"\" class=\"wp-image-3076\" srcset=\"https:\/\/biblioteka.witnica.pl\/wp-content\/uploads\/2025\/06\/2-scaled.jpg 1984w, https:\/\/biblioteka.witnica.pl\/wp-content\/uploads\/2025\/06\/2-232x300.jpg 232w, https:\/\/biblioteka.witnica.pl\/wp-content\/uploads\/2025\/06\/2-793x1024.jpg 793w, https:\/\/biblioteka.witnica.pl\/wp-content\/uploads\/2025\/06\/2-768x991.jpg 768w, https:\/\/biblioteka.witnica.pl\/wp-content\/uploads\/2025\/06\/2-1190x1536.jpg 1190w, https:\/\/biblioteka.witnica.pl\/wp-content\/uploads\/2025\/06\/2-1587x2048.jpg 1587w, https:\/\/biblioteka.witnica.pl\/wp-content\/uploads\/2025\/06\/2-194x250.jpg 194w\" sizes=\"(max-width: 1984px) 100vw, 1984px\" \/><\/figure>\n<\/figure>\n<div class='sfsi_Sicons' style='width: 100%; display: inline-block; vertical-align: middle; text-align:left'><div style='margin:0px 8px 0px 0px; line-height: 24px'><span><\/span><\/div><div class='sfsi_socialwpr'><div class='sf_fb' style='text-align:left;vertical-align: middle;width:98px'><div class=\"fb-like\" href=\"https:\/\/biblioteka.witnica.pl\/?p=3071\" width=\"180\" send=\"false\" showfaces=\"false\"  action=\"like\" data-share=\"true\"data-layout=\"button\" ><\/div><\/div><\/div><\/div>","protected":false},"excerpt":{"rendered":"<p>Dr hab. Lechos\u0142aw Jocz j\u0119zykoznawc\u0105. Prywatnie interesuje si\u0119 promieniowaniem radioaktywnym. Opowiedzia\u0142 o swojej pasji na wyk\u0142adzie \u201eCzarnobyl a suszone podgrzybki&#8221;. <\/p>\n","protected":false},"author":2,"featured_media":3072,"comment_status":"open","ping_status":"open","sticky":false,"template":"","format":"standard","meta":[],"categories":[1,12],"tags":[143,144,145],"_links":{"self":[{"href":"https:\/\/biblioteka.witnica.pl\/index.php?rest_route=\/wp\/v2\/posts\/3071"}],"collection":[{"href":"https:\/\/biblioteka.witnica.pl\/index.php?rest_route=\/wp\/v2\/posts"}],"about":[{"href":"https:\/\/biblioteka.witnica.pl\/index.php?rest_route=\/wp\/v2\/types\/post"}],"author":[{"embeddable":true,"href":"https:\/\/biblioteka.witnica.pl\/index.php?rest_route=\/wp\/v2\/users\/2"}],"replies":[{"embeddable":true,"href":"https:\/\/biblioteka.witnica.pl\/index.php?rest_route=%2Fwp%2Fv2%2Fcomments&post=3071"}],"version-history":[{"count":1,"href":"https:\/\/biblioteka.witnica.pl\/index.php?rest_route=\/wp\/v2\/posts\/3071\/revisions"}],"predecessor-version":[{"id":3077,"href":"https:\/\/biblioteka.witnica.pl\/index.php?rest_route=\/wp\/v2\/posts\/3071\/revisions\/3077"}],"wp:featuredmedia":[{"embeddable":true,"href":"https:\/\/biblioteka.witnica.pl\/index.php?rest_route=\/wp\/v2\/media\/3072"}],"wp:attachment":[{"href":"https:\/\/biblioteka.witnica.pl\/index.php?rest_route=%2Fwp%2Fv2%2Fmedia&parent=3071"}],"wp:term":[{"taxonomy":"category","embeddable":true,"href":"https:\/\/biblioteka.witnica.pl\/index.php?rest_route=%2Fwp%2Fv2%2Fcategories&post=3071"},{"taxonomy":"post_tag","embeddable":true,"href":"https:\/\/biblioteka.witnica.pl\/index.php?rest_route=%2Fwp%2Fv2%2Ftags&post=3071"}],"curies":[{"name":"wp","href":"https:\/\/api.w.org\/{rel}","templated":true}]}}