{"id":3062,"date":"2025-05-13T08:50:19","date_gmt":"2025-05-13T08:50:19","guid":{"rendered":"https:\/\/biblioteka.witnica.pl\/?p=3062"},"modified":"2025-05-13T08:50:19","modified_gmt":"2025-05-13T08:50:19","slug":"opowiesci-o-dolnoslaskich-rodach-i-ich-herbach","status":"publish","type":"post","link":"https:\/\/biblioteka.witnica.pl\/?p=3062","title":{"rendered":"Opowie\u015bci o dolno\u015bl\u0105skich rodach i ich herbach"},"content":{"rendered":"\n<p><span class=\"x193iq5w xeuugli x13faqbe x1vvkbs x1xmvt09 x1lliihq x1s928wv xhkezso x1gmr53x x1cpjm7i x1fgarty x1943h6x xudqn12 x3x7a5m x6prxxf xvq8zen xo1l8bm xzsf02u x1yc453h\" dir=\"auto\">Witnickie ma\u0142\u017ce\u0144stwo Danuta Szybi\u0144ska-Juszczuk i Marek Juszczuk s\u0105 pasjonatami heraldyki. Po\u015bwi\u0119caj\u0105 jej ka\u017cd\u0105 chwil\u0119 woln\u0105 od obowi\u0105zk\u00f3w zawodowych i rodzinnych. <\/span><\/p>\n<p>\u00a0<\/p>\n\n\n\n<div class=\"wp-block-columns alignwide are-vertically-aligned-center\">\n<div class=\"wp-block-column is-vertically-aligned-center\" style=\"flex-basis:50%\">\n<p class=\"has-regular-font-size\">Ona bada tablice inskrypcyjne i wsp\u00f3\u0142pracuje z naukowcami, kt\u00f3rzy wykorzystuj\u0105 jej prac\u0119 w swoich opracowaniach. <\/p>\n<\/div>\n\n\n\n<div class=\"wp-block-column is-vertically-aligned-center\" style=\"flex-basis:50%\">\n<figure class=\"wp-block-image\"><img loading=\"lazy\" width=\"1024\" height=\"683\" src=\"http:\/\/biblioteka.witnica.pl\/wp-content\/uploads\/2025\/05\/1-19-1024x683.jpg\" alt=\"\" class=\"wp-image-3063\" srcset=\"https:\/\/biblioteka.witnica.pl\/wp-content\/uploads\/2025\/05\/1-19-1024x683.jpg 1024w, https:\/\/biblioteka.witnica.pl\/wp-content\/uploads\/2025\/05\/1-19-300x200.jpg 300w, https:\/\/biblioteka.witnica.pl\/wp-content\/uploads\/2025\/05\/1-19-768x512.jpg 768w, https:\/\/biblioteka.witnica.pl\/wp-content\/uploads\/2025\/05\/1-19-1536x1025.jpg 1536w, https:\/\/biblioteka.witnica.pl\/wp-content\/uploads\/2025\/05\/1-19-2048x1366.jpg 2048w, https:\/\/biblioteka.witnica.pl\/wp-content\/uploads\/2025\/05\/1-19-352x235.jpg 352w\" sizes=\"(max-width: 1024px) 100vw, 1024px\" \/><\/figure>\n<\/div>\n<\/div>\n\n\n\n<div class=\"wp-block-columns alignwide are-vertically-aligned-center\">\n<div class=\"wp-block-column is-vertically-aligned-center\" style=\"flex-basis:50%\">\n<figure class=\"wp-block-image\"><img loading=\"lazy\" width=\"1024\" height=\"683\" src=\"http:\/\/biblioteka.witnica.pl\/wp-content\/uploads\/2025\/05\/1-20-1024x683.jpg\" alt=\"\" class=\"wp-image-3064\" srcset=\"https:\/\/biblioteka.witnica.pl\/wp-content\/uploads\/2025\/05\/1-20-1024x683.jpg 1024w, https:\/\/biblioteka.witnica.pl\/wp-content\/uploads\/2025\/05\/1-20-300x200.jpg 300w, https:\/\/biblioteka.witnica.pl\/wp-content\/uploads\/2025\/05\/1-20-768x512.jpg 768w, https:\/\/biblioteka.witnica.pl\/wp-content\/uploads\/2025\/05\/1-20-1536x1025.jpg 1536w, https:\/\/biblioteka.witnica.pl\/wp-content\/uploads\/2025\/05\/1-20-2048x1366.jpg 2048w, https:\/\/biblioteka.witnica.pl\/wp-content\/uploads\/2025\/05\/1-20-352x235.jpg 352w\" sizes=\"(max-width: 1024px) 100vw, 1024px\" \/><\/figure>\n<\/div>\n\n\n\n<div class=\"wp-block-column is-vertically-aligned-center\" style=\"flex-basis:50%\">\n<p class=\"has-regular-font-size\">On jest fotografem, dobrym duchem, pierwszym krytykiem jej pracy i kierowc\u0105. Zdarza si\u0119, \u017ce jednego dnia przeje\u017cd\u017caj\u0105 kilkaset kilometr\u00f3w w poszukiwaniu interesuj\u0105cych ich epitafi\u00f3w. 8 maja spotkali si\u0119 z czytelnikami witnickiej biblioteki.<\/p>\n<\/div>\n<\/div>\n\n\n\n<div class=\"wp-block-columns alignwide are-vertically-aligned-center\">\n<div class=\"wp-block-column is-vertically-aligned-center\" style=\"flex-basis:50%\">\n<p class=\"has-regular-font-size\">S\u0142uchacze poznali ich drog\u0119 do bada\u0144 \u015bl\u0105skiej heraldyki. Dowiedzieli si\u0119, jak\u0105 rol\u0119 pe\u0142ni\u0142y w herbie tarcza, he\u0142m, klejnot i labry. Okraszona fotografiami opowie\u015b\u0107 zahacza\u0142a o histori\u0119 \u015al\u0105ska i Europy oraz cechy ustroju feudalnego.<\/p>\n<\/div>\n\n\n\n<div class=\"wp-block-column is-vertically-aligned-center\" style=\"flex-basis:50%\">\n<figure class=\"wp-block-image\"><img loading=\"lazy\" width=\"1024\" height=\"683\" src=\"http:\/\/biblioteka.witnica.pl\/wp-content\/uploads\/2025\/05\/1-24-1024x683.jpg\" alt=\"\" class=\"wp-image-3065\" srcset=\"https:\/\/biblioteka.witnica.pl\/wp-content\/uploads\/2025\/05\/1-24-1024x683.jpg 1024w, https:\/\/biblioteka.witnica.pl\/wp-content\/uploads\/2025\/05\/1-24-300x200.jpg 300w, https:\/\/biblioteka.witnica.pl\/wp-content\/uploads\/2025\/05\/1-24-768x512.jpg 768w, https:\/\/biblioteka.witnica.pl\/wp-content\/uploads\/2025\/05\/1-24-1536x1025.jpg 1536w, https:\/\/biblioteka.witnica.pl\/wp-content\/uploads\/2025\/05\/1-24-2048x1366.jpg 2048w, https:\/\/biblioteka.witnica.pl\/wp-content\/uploads\/2025\/05\/1-24-352x235.jpg 352w\" sizes=\"(max-width: 1024px) 100vw, 1024px\" \/><\/figure>\n<\/div>\n<\/div>\n\n\n\n<div class=\"wp-block-columns alignwide are-vertically-aligned-center\">\n<div class=\"wp-block-column is-vertically-aligned-center\" style=\"flex-basis:50%\">\n<figure class=\"wp-block-image\"><img loading=\"lazy\" width=\"1024\" height=\"683\" src=\"http:\/\/biblioteka.witnica.pl\/wp-content\/uploads\/2025\/05\/1-11-1024x683.jpg\" alt=\"\" class=\"wp-image-3066\" srcset=\"https:\/\/biblioteka.witnica.pl\/wp-content\/uploads\/2025\/05\/1-11-1024x683.jpg 1024w, https:\/\/biblioteka.witnica.pl\/wp-content\/uploads\/2025\/05\/1-11-300x200.jpg 300w, https:\/\/biblioteka.witnica.pl\/wp-content\/uploads\/2025\/05\/1-11-768x512.jpg 768w, https:\/\/biblioteka.witnica.pl\/wp-content\/uploads\/2025\/05\/1-11-1536x1025.jpg 1536w, https:\/\/biblioteka.witnica.pl\/wp-content\/uploads\/2025\/05\/1-11-2048x1366.jpg 2048w, https:\/\/biblioteka.witnica.pl\/wp-content\/uploads\/2025\/05\/1-11-352x235.jpg 352w\" sizes=\"(max-width: 1024px) 100vw, 1024px\" \/><\/figure>\n<\/div>\n\n\n\n<div class=\"wp-block-column is-vertically-aligned-center\" style=\"flex-basis:50%\">\n<p class=\"has-regular-font-size\">Na spotkanie ze \u015bl\u0105sk\u0105 heraldyk\u0105 przyby\u0142o 60 os\u00f3b. Byli w\u015br\u00f3d nich przedstawiciele Rady Miejskiej i Rady Powiatu, Uniwersytetu Trzeciego Wieku i Towarzystwa Przyjaci\u00f3\u0142 Witnicy. Cieszy liczna obecno\u015b\u0107 uczni\u00f3w obu witnickich szk\u00f3\u0142 podstawowych (podzi\u0119kowania dla dyrektor\u00f3w i nauczycieli, kt\u00f3rzy zach\u0119cili dzieci do przyj\u015bcia).<\/p>\n<\/div>\n<\/div>\n\n\n\n<div class=\"wp-block-columns alignwide are-vertically-aligned-center\">\n<div class=\"wp-block-column is-vertically-aligned-center\" style=\"flex-basis:50%\">\n<p class=\"has-regular-font-size\">Pa\u0144stwo Juszczukowie s\u0105 um\u00f3wieni na kolejne \u201eherbowe\u201d spotkania w witnickiej bibliotece.<\/p>\n<\/div>\n\n\n\n<div class=\"wp-block-column is-vertically-aligned-center\" style=\"flex-basis:50%\">\n<figure class=\"wp-block-image\"><img loading=\"lazy\" width=\"1024\" height=\"683\" src=\"http:\/\/biblioteka.witnica.pl\/wp-content\/uploads\/2025\/05\/1-25-1024x683.jpg\" alt=\"\" class=\"wp-image-3067\" srcset=\"https:\/\/biblioteka.witnica.pl\/wp-content\/uploads\/2025\/05\/1-25-1024x683.jpg 1024w, https:\/\/biblioteka.witnica.pl\/wp-content\/uploads\/2025\/05\/1-25-300x200.jpg 300w, https:\/\/biblioteka.witnica.pl\/wp-content\/uploads\/2025\/05\/1-25-768x512.jpg 768w, https:\/\/biblioteka.witnica.pl\/wp-content\/uploads\/2025\/05\/1-25-1536x1025.jpg 1536w, https:\/\/biblioteka.witnica.pl\/wp-content\/uploads\/2025\/05\/1-25-2048x1366.jpg 2048w, https:\/\/biblioteka.witnica.pl\/wp-content\/uploads\/2025\/05\/1-25-352x235.jpg 352w\" sizes=\"(max-width: 1024px) 100vw, 1024px\" \/><\/figure>\n<\/div>\n<\/div>\n\n\n\n<p>Fot. Miros\u0142aw Sztogrym, Urz\u0105d M. i G. Witnica<\/p>\n\n\n\n<figure class=\"wp-block-image size-large\"><img loading=\"lazy\" width=\"1024\" height=\"768\" src=\"http:\/\/biblioteka.witnica.pl\/wp-content\/uploads\/2025\/05\/collage-251-1024x768.jpg\" alt=\"\" class=\"wp-image-3068\" srcset=\"https:\/\/biblioteka.witnica.pl\/wp-content\/uploads\/2025\/05\/collage-251-1024x768.jpg 1024w, https:\/\/biblioteka.witnica.pl\/wp-content\/uploads\/2025\/05\/collage-251-300x225.jpg 300w, https:\/\/biblioteka.witnica.pl\/wp-content\/uploads\/2025\/05\/collage-251-768x576.jpg 768w, https:\/\/biblioteka.witnica.pl\/wp-content\/uploads\/2025\/05\/collage-251-1536x1152.jpg 1536w, https:\/\/biblioteka.witnica.pl\/wp-content\/uploads\/2025\/05\/collage-251-2048x1536.jpg 2048w, https:\/\/biblioteka.witnica.pl\/wp-content\/uploads\/2025\/05\/collage-251-333x250.jpg 333w\" sizes=\"(max-width: 1024px) 100vw, 1024px\" \/><\/figure>\n<div class='sfsi_Sicons' style='width: 100%; display: inline-block; vertical-align: middle; text-align:left'><div style='margin:0px 8px 0px 0px; line-height: 24px'><span><\/span><\/div><div class='sfsi_socialwpr'><div class='sf_fb' style='text-align:left;vertical-align: middle;width:98px'><div class=\"fb-like\" href=\"https:\/\/biblioteka.witnica.pl\/?p=3062\" width=\"180\" send=\"false\" showfaces=\"false\"  action=\"like\" data-share=\"true\"data-layout=\"button\" ><\/div><\/div><\/div><\/div>","protected":false},"excerpt":{"rendered":"<p>Witnickie ma\u0142\u017ce\u0144stwo Danuta Szybi\u0144ska-Juszczuk i Marek Juszczuk s\u0105 pasjonatami heraldyki. Po\u015bwi\u0119caj\u0105 jej ka\u017cd\u0105 chwil\u0119 woln\u0105 od obowi\u0105zk\u00f3w zawodowych i rodzinnych.<\/p>\n","protected":false},"author":2,"featured_media":3068,"comment_status":"open","ping_status":"open","sticky":false,"template":"","format":"standard","meta":[],"categories":[1,12],"tags":[139,140,141,142],"_links":{"self":[{"href":"https:\/\/biblioteka.witnica.pl\/index.php?rest_route=\/wp\/v2\/posts\/3062"}],"collection":[{"href":"https:\/\/biblioteka.witnica.pl\/index.php?rest_route=\/wp\/v2\/posts"}],"about":[{"href":"https:\/\/biblioteka.witnica.pl\/index.php?rest_route=\/wp\/v2\/types\/post"}],"author":[{"embeddable":true,"href":"https:\/\/biblioteka.witnica.pl\/index.php?rest_route=\/wp\/v2\/users\/2"}],"replies":[{"embeddable":true,"href":"https:\/\/biblioteka.witnica.pl\/index.php?rest_route=%2Fwp%2Fv2%2Fcomments&post=3062"}],"version-history":[{"count":1,"href":"https:\/\/biblioteka.witnica.pl\/index.php?rest_route=\/wp\/v2\/posts\/3062\/revisions"}],"predecessor-version":[{"id":3069,"href":"https:\/\/biblioteka.witnica.pl\/index.php?rest_route=\/wp\/v2\/posts\/3062\/revisions\/3069"}],"wp:featuredmedia":[{"embeddable":true,"href":"https:\/\/biblioteka.witnica.pl\/index.php?rest_route=\/wp\/v2\/media\/3068"}],"wp:attachment":[{"href":"https:\/\/biblioteka.witnica.pl\/index.php?rest_route=%2Fwp%2Fv2%2Fmedia&parent=3062"}],"wp:term":[{"taxonomy":"category","embeddable":true,"href":"https:\/\/biblioteka.witnica.pl\/index.php?rest_route=%2Fwp%2Fv2%2Fcategories&post=3062"},{"taxonomy":"post_tag","embeddable":true,"href":"https:\/\/biblioteka.witnica.pl\/index.php?rest_route=%2Fwp%2Fv2%2Ftags&post=3062"}],"curies":[{"name":"wp","href":"https:\/\/api.w.org\/{rel}","templated":true}]}}