{"id":3008,"date":"2025-03-28T06:51:48","date_gmt":"2025-03-28T06:51:48","guid":{"rendered":"https:\/\/biblioteka.witnica.pl\/?p=3008"},"modified":"2025-03-28T06:51:48","modified_gmt":"2025-03-28T06:51:48","slug":"o-naszej-linii-kolejowej","status":"publish","type":"post","link":"https:\/\/biblioteka.witnica.pl\/?p=3008","title":{"rendered":"O naszej linii kolejowej"},"content":{"rendered":"\n<p><em>\u00a0\u201eOpowiastki kolejowe. Szkice z dziej\u00f3w linii dawnej Kolei Wschodniej\/Ostbahn\u201d Zbigniewa Czarnucha to ostatnia ksi\u0105\u017cka zmar\u0142ego niedawno historyka-regionalisty. Jej wydawc\u0105 jest Polsko-Niemieckie Stowarzyszenie \u201eEducatio Pro Europa Viadrina\u201d.<\/em><\/p>\n<p>\u00a0<\/p>\n\n\n\n<div class=\"wp-block-columns alignwide are-vertically-aligned-center\">\n<div class=\"wp-block-column is-vertically-aligned-center\" style=\"flex-basis:74%\">\n<p class=\"has-regular-font-size\">Co ciekawe, w ub. roku jako pierwsze ukaza\u0142o si\u0119 t\u0142umaczenie tego tekstu na j\u0119zyk niemiecki. W polskiej wersji ksi\u0105\u017cka liczy sobie 176 stron. Zosta\u0142a napisana przyst\u0119pnym j\u0119zykiem. Zawiera bogat\u0105 bibliografi\u0119, indeks miejscowo\u015bci i kalendarium. Tekst wzbogacaj\u0105 liczne rysunki i fotografie (w tym kolorowe).<\/p>\n<\/div>\n\n\n\n<div class=\"wp-block-column is-vertically-aligned-center\" style=\"flex-basis:26%\">\n<figure class=\"wp-block-image\"><img loading=\"lazy\" width=\"724\" height=\"1024\" src=\"http:\/\/biblioteka.witnica.pl\/wp-content\/uploads\/2025\/03\/Skan_20250324-2-724x1024.jpg\" alt=\"\" class=\"wp-image-3009\" srcset=\"https:\/\/biblioteka.witnica.pl\/wp-content\/uploads\/2025\/03\/Skan_20250324-2-724x1024.jpg 724w, https:\/\/biblioteka.witnica.pl\/wp-content\/uploads\/2025\/03\/Skan_20250324-2-212x300.jpg 212w, https:\/\/biblioteka.witnica.pl\/wp-content\/uploads\/2025\/03\/Skan_20250324-2-768x1086.jpg 768w, https:\/\/biblioteka.witnica.pl\/wp-content\/uploads\/2025\/03\/Skan_20250324-2-1086x1536.jpg 1086w, https:\/\/biblioteka.witnica.pl\/wp-content\/uploads\/2025\/03\/Skan_20250324-2-1448x2048.jpg 1448w, https:\/\/biblioteka.witnica.pl\/wp-content\/uploads\/2025\/03\/Skan_20250324-2-177x250.jpg 177w, https:\/\/biblioteka.witnica.pl\/wp-content\/uploads\/2025\/03\/Skan_20250324-2-scaled.jpg 1810w\" sizes=\"(max-width: 724px) 100vw, 724px\" \/><\/figure>\n<\/div>\n<\/div>\n\n\n\n<div class=\"wp-block-columns alignwide are-vertically-aligned-center\">\n<div class=\"wp-block-column is-vertically-aligned-center\" style=\"flex-basis:50%\">\n<figure class=\"wp-block-image\"><img loading=\"lazy\" width=\"1024\" height=\"668\" src=\"http:\/\/biblioteka.witnica.pl\/wp-content\/uploads\/2025\/03\/107a-1024x668.jpg\" alt=\"\" class=\"wp-image-3012\" srcset=\"https:\/\/biblioteka.witnica.pl\/wp-content\/uploads\/2025\/03\/107a-1024x668.jpg 1024w, https:\/\/biblioteka.witnica.pl\/wp-content\/uploads\/2025\/03\/107a-300x196.jpg 300w, https:\/\/biblioteka.witnica.pl\/wp-content\/uploads\/2025\/03\/107a-768x501.jpg 768w, https:\/\/biblioteka.witnica.pl\/wp-content\/uploads\/2025\/03\/107a-1536x1002.jpg 1536w, https:\/\/biblioteka.witnica.pl\/wp-content\/uploads\/2025\/03\/107a-2048x1336.jpg 2048w, https:\/\/biblioteka.witnica.pl\/wp-content\/uploads\/2025\/03\/107a-352x230.jpg 352w\" sizes=\"(max-width: 1024px) 100vw, 1024px\" \/><\/figure>\n<\/div>\n\n\n\n<div class=\"wp-block-column is-vertically-aligned-center\" style=\"flex-basis:50%\">\n<p class=\"has-regular-font-size\">W \u201eOpowiastkach\u201d znajdziemy sprawy najwy\u017cszej mi\u0119dzynarodowej rangi i anegdoty, kt\u00f3rych bohaterami s\u0105 zwyczajni ludzie. Jest w nich wiele informacji dotycz\u0105cych \u201enaszego\u201d odcinka linii od Kostrzyna nad Odr\u0105 do Gorzowa Wlkp., w tym stacji dzia\u0142aj\u0105cych na terenie Miasta i Gminy Witnica.<\/p>\n<\/div>\n<\/div>\n\n\n\n<p>Z po\u015bwi\u0119conych im rozdzia\u0142\u00f3w dowiadujemy si\u0119 m. in.:<\/p>\n\n\n\n<div class=\"wp-block-columns alignwide are-vertically-aligned-center\">\n<div class=\"wp-block-column is-vertically-aligned-center\" style=\"flex-basis:50%\">\n<p class=\"has-regular-font-size\">&#8211; Dlaczego bry\u0142a d\u0105broszy\u0144skiego dworca tak bardzo si\u0119 r\u00f3\u017cni od innych kolejowych budynk\u00f3w?<\/p>\n<\/div>\n\n\n\n<div class=\"wp-block-column is-vertically-aligned-center\" style=\"flex-basis:50%\">\n<figure class=\"wp-block-image\"><img loading=\"lazy\" width=\"1024\" height=\"768\" src=\"http:\/\/biblioteka.witnica.pl\/wp-content\/uploads\/2025\/03\/Dworzec-z-pieskiem-2-1024x768.jpg\" alt=\"\" class=\"wp-image-3010\" srcset=\"https:\/\/biblioteka.witnica.pl\/wp-content\/uploads\/2025\/03\/Dworzec-z-pieskiem-2-1024x768.jpg 1024w, https:\/\/biblioteka.witnica.pl\/wp-content\/uploads\/2025\/03\/Dworzec-z-pieskiem-2-300x225.jpg 300w, https:\/\/biblioteka.witnica.pl\/wp-content\/uploads\/2025\/03\/Dworzec-z-pieskiem-2-768x576.jpg 768w, https:\/\/biblioteka.witnica.pl\/wp-content\/uploads\/2025\/03\/Dworzec-z-pieskiem-2-1536x1152.jpg 1536w, https:\/\/biblioteka.witnica.pl\/wp-content\/uploads\/2025\/03\/Dworzec-z-pieskiem-2-333x250.jpg 333w, https:\/\/biblioteka.witnica.pl\/wp-content\/uploads\/2025\/03\/Dworzec-z-pieskiem-2.jpg 2048w\" sizes=\"(max-width: 1024px) 100vw, 1024px\" \/><\/figure>\n<\/div>\n<\/div>\n\n\n\n<div class=\"wp-block-columns alignwide are-vertically-aligned-center\">\n<div class=\"wp-block-column is-vertically-aligned-center\" style=\"flex-basis:50%\">\n<figure class=\"wp-block-image\"><img loading=\"lazy\" width=\"1024\" height=\"679\" src=\"http:\/\/biblioteka.witnica.pl\/wp-content\/uploads\/2025\/03\/108a-1024x679.jpg\" alt=\"\" class=\"wp-image-3013\" srcset=\"https:\/\/biblioteka.witnica.pl\/wp-content\/uploads\/2025\/03\/108a-1024x679.jpg 1024w, https:\/\/biblioteka.witnica.pl\/wp-content\/uploads\/2025\/03\/108a-300x199.jpg 300w, https:\/\/biblioteka.witnica.pl\/wp-content\/uploads\/2025\/03\/108a-768x509.jpg 768w, https:\/\/biblioteka.witnica.pl\/wp-content\/uploads\/2025\/03\/108a-1536x1019.jpg 1536w, https:\/\/biblioteka.witnica.pl\/wp-content\/uploads\/2025\/03\/108a-2048x1358.jpg 2048w, https:\/\/biblioteka.witnica.pl\/wp-content\/uploads\/2025\/03\/108a-352x233.jpg 352w\" sizes=\"(max-width: 1024px) 100vw, 1024px\" \/><\/figure>\n<\/div>\n\n\n\n<div class=\"wp-block-column is-vertically-aligned-center\" style=\"flex-basis:50%\">\n<p>&#8211; Dlaczego w Witnicy czekaj\u0105cy na poci\u0105g pasa\u017cerowie przez kilkadziesi\u0105t lat mokli?<\/p>\n\n\n\n<p>&#8211; Dlaczego w 1889 r. w Witnicy zatrzyma\u0142 si\u0119 poci\u0105g wioz\u0105cy cesarza Wilhelma i jego dw\u00f3r?<\/p>\n<\/div>\n<\/div>\n\n\n\n<div class=\"wp-block-columns alignwide are-vertically-aligned-center\">\n<div class=\"wp-block-column is-vertically-aligned-center\" style=\"flex-basis:50%\">\n<p class=\"has-regular-font-size\">&#8211; Jaki przebieg mia\u0142a potyczka, kt\u00f3ra rozegra\u0142a si\u0119 na stacji w Nowinach Wielkich w maju 1945 r.?<\/p>\n<\/div>\n\n\n\n<div class=\"wp-block-column is-vertically-aligned-center\" style=\"flex-basis:50%\">\n<figure class=\"wp-block-image\"><img loading=\"lazy\" width=\"1024\" height=\"653\" src=\"http:\/\/biblioteka.witnica.pl\/wp-content\/uploads\/2025\/03\/263a-1024x653.jpeg\" alt=\"\" class=\"wp-image-3014\" srcset=\"https:\/\/biblioteka.witnica.pl\/wp-content\/uploads\/2025\/03\/263a-1024x653.jpeg 1024w, https:\/\/biblioteka.witnica.pl\/wp-content\/uploads\/2025\/03\/263a-300x191.jpeg 300w, https:\/\/biblioteka.witnica.pl\/wp-content\/uploads\/2025\/03\/263a-768x490.jpeg 768w, https:\/\/biblioteka.witnica.pl\/wp-content\/uploads\/2025\/03\/263a-1536x980.jpeg 1536w, https:\/\/biblioteka.witnica.pl\/wp-content\/uploads\/2025\/03\/263a-2048x1306.jpeg 2048w, https:\/\/biblioteka.witnica.pl\/wp-content\/uploads\/2025\/03\/263a-352x224.jpeg 352w\" sizes=\"(max-width: 1024px) 100vw, 1024px\" \/><\/figure>\n<\/div>\n<\/div>\n\n\n\n<div class=\"wp-block-columns alignwide are-vertically-aligned-center\">\n<div class=\"wp-block-column is-vertically-aligned-center\" style=\"flex-basis:50%\">\n<figure class=\"wp-block-image\"><img loading=\"lazy\" width=\"1024\" height=\"495\" src=\"http:\/\/biblioteka.witnica.pl\/wp-content\/uploads\/2025\/03\/204a-1024x495.jpg\" alt=\"\" class=\"wp-image-3015\" srcset=\"https:\/\/biblioteka.witnica.pl\/wp-content\/uploads\/2025\/03\/204a-1024x495.jpg 1024w, https:\/\/biblioteka.witnica.pl\/wp-content\/uploads\/2025\/03\/204a-300x145.jpg 300w, https:\/\/biblioteka.witnica.pl\/wp-content\/uploads\/2025\/03\/204a-768x371.jpg 768w, https:\/\/biblioteka.witnica.pl\/wp-content\/uploads\/2025\/03\/204a-1536x742.jpg 1536w, https:\/\/biblioteka.witnica.pl\/wp-content\/uploads\/2025\/03\/204a-2048x990.jpg 2048w, https:\/\/biblioteka.witnica.pl\/wp-content\/uploads\/2025\/03\/204a-352x170.jpg 352w\" sizes=\"(max-width: 1024px) 100vw, 1024px\" \/><\/figure>\n<\/div>\n\n\n\n<div class=\"wp-block-column is-vertically-aligned-center\" style=\"flex-basis:50%\">\n<p class=\"has-regular-font-size\">&#8211; Dlaczego poci\u0105g po\u015bpieszny zatrzymywa\u0142 si\u0119 w Kamieniu Ma\u0142ym, cho\u0107 rozk\u0142ad jazdy tego nie przewidywa\u0142?<\/p>\n<\/div>\n<\/div>\n\n\n\n<p>Autor korzysta\u0142 m. in. ze wspomnie\u0144 trzech witnickich kolejarzy: Sylwestra Waszkowiaka, Artura Stojanowskiego i W\u0142adys\u0142awa Wr\u00f3blewskiego.<\/p>\n<div class='sfsi_Sicons' style='width: 100%; display: inline-block; vertical-align: middle; text-align:left'><div style='margin:0px 8px 0px 0px; line-height: 24px'><span><\/span><\/div><div class='sfsi_socialwpr'><div class='sf_fb' style='text-align:left;vertical-align: middle;width:98px'><div class=\"fb-like\" href=\"https:\/\/biblioteka.witnica.pl\/?p=3008\" width=\"180\" send=\"false\" showfaces=\"false\"  action=\"like\" data-share=\"true\"data-layout=\"button\" ><\/div><\/div><\/div><\/div>","protected":false},"excerpt":{"rendered":"<p>\u00a0\u201eOpowiastki kolejowe. Szkice z dziej\u00f3w linii dawnej Kolei Wschodniej\/Ostbahn\u201d Zbigniewa Czarnucha to ostatnia ksi\u0105\u017cka zmar\u0142ego niedawno historyka-regionalisty.<\/p>\n","protected":false},"author":2,"featured_media":3009,"comment_status":"open","ping_status":"open","sticky":false,"template":"","format":"standard","meta":[],"categories":[15,10],"tags":[16,119,120,132],"_links":{"self":[{"href":"https:\/\/biblioteka.witnica.pl\/index.php?rest_route=\/wp\/v2\/posts\/3008"}],"collection":[{"href":"https:\/\/biblioteka.witnica.pl\/index.php?rest_route=\/wp\/v2\/posts"}],"about":[{"href":"https:\/\/biblioteka.witnica.pl\/index.php?rest_route=\/wp\/v2\/types\/post"}],"author":[{"embeddable":true,"href":"https:\/\/biblioteka.witnica.pl\/index.php?rest_route=\/wp\/v2\/users\/2"}],"replies":[{"embeddable":true,"href":"https:\/\/biblioteka.witnica.pl\/index.php?rest_route=%2Fwp%2Fv2%2Fcomments&post=3008"}],"version-history":[{"count":1,"href":"https:\/\/biblioteka.witnica.pl\/index.php?rest_route=\/wp\/v2\/posts\/3008\/revisions"}],"predecessor-version":[{"id":3016,"href":"https:\/\/biblioteka.witnica.pl\/index.php?rest_route=\/wp\/v2\/posts\/3008\/revisions\/3016"}],"wp:featuredmedia":[{"embeddable":true,"href":"https:\/\/biblioteka.witnica.pl\/index.php?rest_route=\/wp\/v2\/media\/3009"}],"wp:attachment":[{"href":"https:\/\/biblioteka.witnica.pl\/index.php?rest_route=%2Fwp%2Fv2%2Fmedia&parent=3008"}],"wp:term":[{"taxonomy":"category","embeddable":true,"href":"https:\/\/biblioteka.witnica.pl\/index.php?rest_route=%2Fwp%2Fv2%2Fcategories&post=3008"},{"taxonomy":"post_tag","embeddable":true,"href":"https:\/\/biblioteka.witnica.pl\/index.php?rest_route=%2Fwp%2Fv2%2Ftags&post=3008"}],"curies":[{"name":"wp","href":"https:\/\/api.w.org\/{rel}","templated":true}]}}