{"id":2981,"date":"2025-03-19T06:28:36","date_gmt":"2025-03-19T06:28:36","guid":{"rendered":"https:\/\/biblioteka.witnica.pl\/?p=2981"},"modified":"2025-03-19T06:28:36","modified_gmt":"2025-03-19T06:28:36","slug":"sztuka-miedzy-polkami","status":"publish","type":"post","link":"http:\/\/biblioteka.witnica.pl\/?p=2981","title":{"rendered":"Sztuka mi\u0119dzy p\u00f3\u0142kami"},"content":{"rendered":"\n<p><em>W nowej starej siedzibie Miejska Biblioteka Publiczna w Witnicy wznowi\u0142a dzia\u0142alno\u015b\u0107 Galerii \u201eMi\u0119dzy P\u00f3\u0142kami\u201d. Jako pierwszy zaprezentowa\u0142 si\u0119 w niej Warsztat Terapii Zaj\u0119ciowej w Kamieniu Wielkim.\u00a0 <\/em><\/p>\n<p>\u00a0<\/p>\n\n\n\n<div class=\"wp-block-columns alignwide are-vertically-aligned-center\">\n<div class=\"wp-block-column is-vertically-aligned-center\" style=\"flex-basis:64%\">\n<p class=\"has-regular-font-size\">Na ekspozycji mo\u017cna podziwia\u0107 dziesi\u0105tki prac wykonanych w r\u00f3\u017cnych technikach. Wszystkie s\u0105 dzie\u0142ami uczestnik\u00f3w WTZ oraz wolontariuszki Zuzanny Cichosz. Pasj\u0105 pani Zuzanny jest r\u0119kodzie\u0142o i malarstwo, a g\u0142\u00f3wn\u0105 inspiracj\u0105 otaczaj\u0105ca przyroda. Przedstawione na wystawie obrazy to namiastka jej talentu.<\/p>\n<\/div>\n\n\n\n<div class=\"wp-block-column is-vertically-aligned-center\" style=\"flex-basis:36%\">\n<figure class=\"wp-block-image\"><img loading=\"lazy\" width=\"1024\" height=\"771\" src=\"http:\/\/biblioteka.witnica.pl\/wp-content\/uploads\/2025\/03\/1-Zuzanna-Cichosz-1024x771.jpg\" alt=\"\" class=\"wp-image-2982\" srcset=\"http:\/\/biblioteka.witnica.pl\/wp-content\/uploads\/2025\/03\/1-Zuzanna-Cichosz-1024x771.jpg 1024w, http:\/\/biblioteka.witnica.pl\/wp-content\/uploads\/2025\/03\/1-Zuzanna-Cichosz-300x226.jpg 300w, http:\/\/biblioteka.witnica.pl\/wp-content\/uploads\/2025\/03\/1-Zuzanna-Cichosz-768x578.jpg 768w, http:\/\/biblioteka.witnica.pl\/wp-content\/uploads\/2025\/03\/1-Zuzanna-Cichosz-332x250.jpg 332w, http:\/\/biblioteka.witnica.pl\/wp-content\/uploads\/2025\/03\/1-Zuzanna-Cichosz.jpg 1153w\" sizes=\"(max-width: 1024px) 100vw, 1024px\" \/><\/figure>\n<\/div>\n<\/div>\n\n\n\n<div class=\"wp-block-columns alignwide are-vertically-aligned-center\">\n<div class=\"wp-block-column is-vertically-aligned-center\" style=\"flex-basis:30%\">\n<figure class=\"wp-block-image\"><img loading=\"lazy\" width=\"1024\" height=\"990\" src=\"http:\/\/biblioteka.witnica.pl\/wp-content\/uploads\/2025\/03\/bbbbb-1024x990.jpg\" alt=\"\" class=\"wp-image-2983\" srcset=\"http:\/\/biblioteka.witnica.pl\/wp-content\/uploads\/2025\/03\/bbbbb-1024x990.jpg 1024w, http:\/\/biblioteka.witnica.pl\/wp-content\/uploads\/2025\/03\/bbbbb-300x290.jpg 300w, http:\/\/biblioteka.witnica.pl\/wp-content\/uploads\/2025\/03\/bbbbb-768x742.jpg 768w, http:\/\/biblioteka.witnica.pl\/wp-content\/uploads\/2025\/03\/bbbbb-1536x1485.jpg 1536w, http:\/\/biblioteka.witnica.pl\/wp-content\/uploads\/2025\/03\/bbbbb-2048x1980.jpg 2048w, http:\/\/biblioteka.witnica.pl\/wp-content\/uploads\/2025\/03\/bbbbb-259x250.jpg 259w\" sizes=\"(max-width: 1024px) 100vw, 1024px\" \/><\/figure>\n<\/div>\n\n\n\n<div class=\"wp-block-column is-vertically-aligned-center\" style=\"flex-basis:70%\">\n<p class=\"has-regular-font-size\">Krzysztof Pi\u0119del to pe\u0142en energii i humoru mieszkaniec Witnicy. Tworzona przez niego ceramika to prace z pozytywnym przekazem, kolorowe i prowokuj\u0105ce do u\u015bmiechu. Wcze\u015bniej pan Krzysztof doskonali\u0142 swoje umiej\u0119tno\u015bci w pracowni wikliniarskiej, ogrodniczej i gospodarstwa domowego.<\/p>\n<\/div>\n<\/div>\n\n\n\n<div class=\"wp-block-columns alignwide are-vertically-aligned-center\">\n<div class=\"wp-block-column is-vertically-aligned-center\" style=\"flex-basis:57%\">\n<p class=\"has-regular-font-size\">Filcowe postacie szyte przez Ann\u0119 Jamsk\u0105 maj\u0105 w sobie jej delikatno\u015b\u0107, serce i rado\u015b\u0107. Anna na co dzie\u0144 podejmuje si\u0119 r\u00f3\u017cnorodnych prac manualnych w ka\u017cdej pracowni WTZ. Opanowa\u0142a podstawowe techniki plastyczne i \u015bciegi krawieckie.<\/p>\n<\/div>\n\n\n\n<div class=\"wp-block-column is-vertically-aligned-center\" style=\"flex-basis:43%\">\n<figure class=\"wp-block-image\"><img loading=\"lazy\" width=\"1024\" height=\"638\" src=\"http:\/\/biblioteka.witnica.pl\/wp-content\/uploads\/2025\/03\/3-Anna-Jamska-1024x638.jpg\" alt=\"\" class=\"wp-image-2984\" srcset=\"http:\/\/biblioteka.witnica.pl\/wp-content\/uploads\/2025\/03\/3-Anna-Jamska-1024x638.jpg 1024w, http:\/\/biblioteka.witnica.pl\/wp-content\/uploads\/2025\/03\/3-Anna-Jamska-300x187.jpg 300w, http:\/\/biblioteka.witnica.pl\/wp-content\/uploads\/2025\/03\/3-Anna-Jamska-768x479.jpg 768w, http:\/\/biblioteka.witnica.pl\/wp-content\/uploads\/2025\/03\/3-Anna-Jamska-352x219.jpg 352w, http:\/\/biblioteka.witnica.pl\/wp-content\/uploads\/2025\/03\/3-Anna-Jamska.jpg 1506w\" sizes=\"(max-width: 1024px) 100vw, 1024px\" \/><\/figure>\n<\/div>\n<\/div>\n\n\n\n<div class=\"wp-block-columns alignwide are-vertically-aligned-center\">\n<div class=\"wp-block-column is-vertically-aligned-center\" style=\"flex-basis:31%\">\n<figure class=\"wp-block-image\"><img loading=\"lazy\" width=\"1024\" height=\"981\" src=\"http:\/\/biblioteka.witnica.pl\/wp-content\/uploads\/2025\/03\/4-Mieczyslaw-Slachcinski-1024x981.jpg\" alt=\"\" class=\"wp-image-2985\" srcset=\"http:\/\/biblioteka.witnica.pl\/wp-content\/uploads\/2025\/03\/4-Mieczyslaw-Slachcinski-1024x981.jpg 1024w, http:\/\/biblioteka.witnica.pl\/wp-content\/uploads\/2025\/03\/4-Mieczyslaw-Slachcinski-300x287.jpg 300w, http:\/\/biblioteka.witnica.pl\/wp-content\/uploads\/2025\/03\/4-Mieczyslaw-Slachcinski-768x735.jpg 768w, http:\/\/biblioteka.witnica.pl\/wp-content\/uploads\/2025\/03\/4-Mieczyslaw-Slachcinski-261x250.jpg 261w, http:\/\/biblioteka.witnica.pl\/wp-content\/uploads\/2025\/03\/4-Mieczyslaw-Slachcinski.jpg 1204w\" sizes=\"(max-width: 1024px) 100vw, 1024px\" \/><\/figure>\n<\/div>\n\n\n\n<div class=\"wp-block-column is-vertically-aligned-center\" style=\"flex-basis:69%\">\n<p class=\"has-regular-font-size\">Mieczys\u0142aw Slachci\u0144ski jest niezwykle skromny i wszechstronnie uzdolniony. Jego najwi\u0119ksz\u0105 pasj\u0105 jest malarstwo architektoniczne w r\u00f3\u017cnorodnych technikach. Artysta udziela si\u0119 we wszelkich akcjach charytatywnych.<\/p>\n<\/div>\n<\/div>\n\n\n\n<div class=\"wp-block-columns alignwide are-vertically-aligned-center\">\n<div class=\"wp-block-column is-vertically-aligned-center\" style=\"flex-basis:56%\">\n<p class=\"has-regular-font-size\">Tadeusz M\u0142ynarczak zawsze \u015bwiadomie wybiera kierunek i trzyma si\u0119 obranych temat\u00f3w. \u00a0Wykorzystuj\u0105c bogat\u0105 palet\u0119 barw, maluje portrety kobiet o charakterystycznych liniach twarzy. \u00a0Z powodzeniem tworzy rze\u017aby ceramiczne.<\/p>\n<\/div>\n\n\n\n<div class=\"wp-block-column is-vertically-aligned-center\" style=\"flex-basis:44%\">\n<figure class=\"wp-block-image\"><img loading=\"lazy\" width=\"1024\" height=\"577\" src=\"http:\/\/biblioteka.witnica.pl\/wp-content\/uploads\/2025\/03\/5-Tadeusz-Mlynarczak-1024x577.jpg\" alt=\"\" class=\"wp-image-2986\" srcset=\"http:\/\/biblioteka.witnica.pl\/wp-content\/uploads\/2025\/03\/5-Tadeusz-Mlynarczak-1024x577.jpg 1024w, http:\/\/biblioteka.witnica.pl\/wp-content\/uploads\/2025\/03\/5-Tadeusz-Mlynarczak-300x169.jpg 300w, http:\/\/biblioteka.witnica.pl\/wp-content\/uploads\/2025\/03\/5-Tadeusz-Mlynarczak-768x432.jpg 768w, http:\/\/biblioteka.witnica.pl\/wp-content\/uploads\/2025\/03\/5-Tadeusz-Mlynarczak-1536x865.jpg 1536w, http:\/\/biblioteka.witnica.pl\/wp-content\/uploads\/2025\/03\/5-Tadeusz-Mlynarczak-352x198.jpg 352w, http:\/\/biblioteka.witnica.pl\/wp-content\/uploads\/2025\/03\/5-Tadeusz-Mlynarczak.jpg 2048w\" sizes=\"(max-width: 1024px) 100vw, 1024px\" \/><\/figure>\n<\/div>\n<\/div>\n\n\n\n<p>Wystawa prac Warsztatu Terapii Zaj\u0119ciowej w Kamieniu Wielkim jest czynna od poniedzia\u0142ku do pi\u0105tku w godzinach pracy biblioteki.<\/p>\n\n\n\n<figure class=\"wp-block-gallery has-nested-images columns-default is-cropped\">\n<figure class=\"wp-block-image size-large\"><img loading=\"lazy\" width=\"1920\" height=\"2560\" data-id=\"2987\"  src=\"http:\/\/biblioteka.witnica.pl\/wp-content\/uploads\/2025\/03\/1a-scaled.jpg\" alt=\"\" class=\"wp-image-2987\" srcset=\"http:\/\/biblioteka.witnica.pl\/wp-content\/uploads\/2025\/03\/1a-scaled.jpg 1920w, http:\/\/biblioteka.witnica.pl\/wp-content\/uploads\/2025\/03\/1a-225x300.jpg 225w, http:\/\/biblioteka.witnica.pl\/wp-content\/uploads\/2025\/03\/1a-768x1024.jpg 768w, http:\/\/biblioteka.witnica.pl\/wp-content\/uploads\/2025\/03\/1a-1152x1536.jpg 1152w, http:\/\/biblioteka.witnica.pl\/wp-content\/uploads\/2025\/03\/1a-1536x2048.jpg 1536w, http:\/\/biblioteka.witnica.pl\/wp-content\/uploads\/2025\/03\/1a-188x250.jpg 188w\" sizes=\"(max-width: 1920px) 100vw, 1920px\" \/><\/figure>\n\n\n\n<figure class=\"wp-block-image size-large\"><img loading=\"lazy\" width=\"2560\" height=\"1920\" data-id=\"2988\"  src=\"http:\/\/biblioteka.witnica.pl\/wp-content\/uploads\/2025\/03\/2-scaled.jpg\" alt=\"\" class=\"wp-image-2988\" srcset=\"http:\/\/biblioteka.witnica.pl\/wp-content\/uploads\/2025\/03\/2-scaled.jpg 2560w, http:\/\/biblioteka.witnica.pl\/wp-content\/uploads\/2025\/03\/2-300x225.jpg 300w, http:\/\/biblioteka.witnica.pl\/wp-content\/uploads\/2025\/03\/2-1024x768.jpg 1024w, http:\/\/biblioteka.witnica.pl\/wp-content\/uploads\/2025\/03\/2-768x576.jpg 768w, http:\/\/biblioteka.witnica.pl\/wp-content\/uploads\/2025\/03\/2-1536x1152.jpg 1536w, http:\/\/biblioteka.witnica.pl\/wp-content\/uploads\/2025\/03\/2-2048x1536.jpg 2048w, http:\/\/biblioteka.witnica.pl\/wp-content\/uploads\/2025\/03\/2-333x250.jpg 333w\" sizes=\"(max-width: 2560px) 100vw, 2560px\" \/><\/figure>\n\n\n\n<figure class=\"wp-block-image size-large\"><img loading=\"lazy\" width=\"1536\" height=\"2048\" data-id=\"2989\"  src=\"http:\/\/biblioteka.witnica.pl\/wp-content\/uploads\/2025\/03\/3a.jpg\" alt=\"\" class=\"wp-image-2989\" srcset=\"http:\/\/biblioteka.witnica.pl\/wp-content\/uploads\/2025\/03\/3a.jpg 1536w, http:\/\/biblioteka.witnica.pl\/wp-content\/uploads\/2025\/03\/3a-225x300.jpg 225w, http:\/\/biblioteka.witnica.pl\/wp-content\/uploads\/2025\/03\/3a-768x1024.jpg 768w, http:\/\/biblioteka.witnica.pl\/wp-content\/uploads\/2025\/03\/3a-1152x1536.jpg 1152w, http:\/\/biblioteka.witnica.pl\/wp-content\/uploads\/2025\/03\/3a-188x250.jpg 188w\" sizes=\"(max-width: 1536px) 100vw, 1536px\" \/><\/figure>\n\n\n\n<figure class=\"wp-block-image size-large\"><img loading=\"lazy\" width=\"1920\" height=\"2560\" data-id=\"2990\"  src=\"http:\/\/biblioteka.witnica.pl\/wp-content\/uploads\/2025\/03\/20250317_104423-scaled.jpg\" alt=\"\" class=\"wp-image-2990\" srcset=\"http:\/\/biblioteka.witnica.pl\/wp-content\/uploads\/2025\/03\/20250317_104423-scaled.jpg 1920w, http:\/\/biblioteka.witnica.pl\/wp-content\/uploads\/2025\/03\/20250317_104423-225x300.jpg 225w, http:\/\/biblioteka.witnica.pl\/wp-content\/uploads\/2025\/03\/20250317_104423-768x1024.jpg 768w, http:\/\/biblioteka.witnica.pl\/wp-content\/uploads\/2025\/03\/20250317_104423-1152x1536.jpg 1152w, http:\/\/biblioteka.witnica.pl\/wp-content\/uploads\/2025\/03\/20250317_104423-1536x2048.jpg 1536w, http:\/\/biblioteka.witnica.pl\/wp-content\/uploads\/2025\/03\/20250317_104423-188x250.jpg 188w\" sizes=\"(max-width: 1920px) 100vw, 1920px\" \/><\/figure>\n\n\n\n<figure class=\"wp-block-image size-large\"><img loading=\"lazy\" width=\"1641\" height=\"2560\" data-id=\"2991\"  src=\"http:\/\/biblioteka.witnica.pl\/wp-content\/uploads\/2025\/03\/20250317_104432-scaled.jpg\" alt=\"\" class=\"wp-image-2991\" srcset=\"http:\/\/biblioteka.witnica.pl\/wp-content\/uploads\/2025\/03\/20250317_104432-scaled.jpg 1641w, http:\/\/biblioteka.witnica.pl\/wp-content\/uploads\/2025\/03\/20250317_104432-192x300.jpg 192w, http:\/\/biblioteka.witnica.pl\/wp-content\/uploads\/2025\/03\/20250317_104432-656x1024.jpg 656w, http:\/\/biblioteka.witnica.pl\/wp-content\/uploads\/2025\/03\/20250317_104432-768x1198.jpg 768w, http:\/\/biblioteka.witnica.pl\/wp-content\/uploads\/2025\/03\/20250317_104432-985x1536.jpg 985w, http:\/\/biblioteka.witnica.pl\/wp-content\/uploads\/2025\/03\/20250317_104432-1313x2048.jpg 1313w, http:\/\/biblioteka.witnica.pl\/wp-content\/uploads\/2025\/03\/20250317_104432-160x250.jpg 160w\" sizes=\"(max-width: 1641px) 100vw, 1641px\" \/><\/figure>\n\n\n\n<figure class=\"wp-block-image size-large\"><img loading=\"lazy\" width=\"2560\" height=\"1446\" data-id=\"2992\"  src=\"http:\/\/biblioteka.witnica.pl\/wp-content\/uploads\/2025\/03\/20250318_124730-scaled.jpg\" alt=\"\" class=\"wp-image-2992\" srcset=\"http:\/\/biblioteka.witnica.pl\/wp-content\/uploads\/2025\/03\/20250318_124730-scaled.jpg 2560w, http:\/\/biblioteka.witnica.pl\/wp-content\/uploads\/2025\/03\/20250318_124730-300x169.jpg 300w, http:\/\/biblioteka.witnica.pl\/wp-content\/uploads\/2025\/03\/20250318_124730-1024x578.jpg 1024w, http:\/\/biblioteka.witnica.pl\/wp-content\/uploads\/2025\/03\/20250318_124730-768x434.jpg 768w, http:\/\/biblioteka.witnica.pl\/wp-content\/uploads\/2025\/03\/20250318_124730-1536x868.jpg 1536w, http:\/\/biblioteka.witnica.pl\/wp-content\/uploads\/2025\/03\/20250318_124730-2048x1157.jpg 2048w, http:\/\/biblioteka.witnica.pl\/wp-content\/uploads\/2025\/03\/20250318_124730-352x199.jpg 352w\" sizes=\"(max-width: 2560px) 100vw, 2560px\" \/><\/figure>\n<\/figure>\n<div class='sfsi_Sicons' style='width: 100%; display: inline-block; vertical-align: middle; text-align:left'><div style='margin:0px 8px 0px 0px; line-height: 24px'><span><\/span><\/div><div class='sfsi_socialwpr'><div class='sf_fb' style='text-align:left;vertical-align: middle;width:98px'><div class=\"fb-like\" href=\"http:\/\/biblioteka.witnica.pl\/?p=2981\" width=\"180\" send=\"false\" showfaces=\"false\"  action=\"like\" data-share=\"true\"data-layout=\"button\" ><\/div><\/div><\/div><\/div>","protected":false},"excerpt":{"rendered":"<p>Wznowili\u015bmy dzia\u0142alno\u015b\u0107 Galerii \u201eMi\u0119dzy P\u00f3\u0142kami\u201d. Jako pierwszy zaprezentowa\u0142 si\u0119 Warsztat Terapii Zaj\u0119ciowej w Kamieniu Wielkim.\u00a0<\/p>\n","protected":false},"author":2,"featured_media":2993,"comment_status":"open","ping_status":"open","sticky":false,"template":"","format":"standard","meta":[],"categories":[1],"tags":[111,122,129,130],"_links":{"self":[{"href":"http:\/\/biblioteka.witnica.pl\/index.php?rest_route=\/wp\/v2\/posts\/2981"}],"collection":[{"href":"http:\/\/biblioteka.witnica.pl\/index.php?rest_route=\/wp\/v2\/posts"}],"about":[{"href":"http:\/\/biblioteka.witnica.pl\/index.php?rest_route=\/wp\/v2\/types\/post"}],"author":[{"embeddable":true,"href":"http:\/\/biblioteka.witnica.pl\/index.php?rest_route=\/wp\/v2\/users\/2"}],"replies":[{"embeddable":true,"href":"http:\/\/biblioteka.witnica.pl\/index.php?rest_route=%2Fwp%2Fv2%2Fcomments&post=2981"}],"version-history":[{"count":1,"href":"http:\/\/biblioteka.witnica.pl\/index.php?rest_route=\/wp\/v2\/posts\/2981\/revisions"}],"predecessor-version":[{"id":2994,"href":"http:\/\/biblioteka.witnica.pl\/index.php?rest_route=\/wp\/v2\/posts\/2981\/revisions\/2994"}],"wp:featuredmedia":[{"embeddable":true,"href":"http:\/\/biblioteka.witnica.pl\/index.php?rest_route=\/wp\/v2\/media\/2993"}],"wp:attachment":[{"href":"http:\/\/biblioteka.witnica.pl\/index.php?rest_route=%2Fwp%2Fv2%2Fmedia&parent=2981"}],"wp:term":[{"taxonomy":"category","embeddable":true,"href":"http:\/\/biblioteka.witnica.pl\/index.php?rest_route=%2Fwp%2Fv2%2Fcategories&post=2981"},{"taxonomy":"post_tag","embeddable":true,"href":"http:\/\/biblioteka.witnica.pl\/index.php?rest_route=%2Fwp%2Fv2%2Ftags&post=2981"}],"curies":[{"name":"wp","href":"https:\/\/api.w.org\/{rel}","templated":true}]}}