{"id":2760,"date":"2024-02-28T13:00:20","date_gmt":"2024-02-28T13:00:20","guid":{"rendered":"http:\/\/biblioteka.witnica.pl\/?p=2760"},"modified":"2024-02-28T13:00:20","modified_gmt":"2024-02-28T13:00:20","slug":"ferie-w-witnickiej-bibliotece-2","status":"publish","type":"post","link":"http:\/\/biblioteka.witnica.pl\/?p=2760","title":{"rendered":"Ferie w witnickiej bibliotece"},"content":{"rendered":"\n<p><strong>W czasie ferii zimowych witnicka biblioteka zorganizowa\u0142a cykl\u00a0 zaj\u0119\u0107 dla dzieci. Ich uczestnicy tworzyli kartki wielkanocne, zg\u0142\u0119biali sztuk\u0119 malowania toreb i wznosili budowle z klock\u00f3w LEGO. Doskonalili r\u00f3wnie\u017c j\u0119zyk angielski i zdobywali wiedz\u0119 na temat zielarstwa. <\/strong><\/p>\n\n\n\n<div class=\"wp-block-columns alignwide are-vertically-aligned-center\">\n<div class=\"wp-block-column\" style=\"flex-basis:72%\">\n<p>Dzie\u0144 1. &#8211; Lego<\/p>\n\n\n\n<p>Ferie rozpocz\u0119\u0142y zaj\u0119cia z klockami Lego. Ka\u017cdy zrealizowa\u0142 sw\u00f3j projekt, u\u017cywaj\u0105c cz\u0119\u015bci jednego, wybranego koloru. Uczestnicy poradzili sobie \u015bwietnie z zadaniem, a przy okazji poznali dost\u0119pne na rynku czasopisma po\u015bwi\u0119cone kultowym klockom.<\/p>\n<\/div>\n\n\n\n<div class=\"wp-block-column\" style=\"flex-basis:28%\">\n<figure class=\"wp-block-image\"><img loading=\"lazy\" width=\"1024\" height=\"768\" src=\"http:\/\/biblioteka.witnica.pl\/wp-content\/uploads\/2024\/02\/427735287_327014736498225_3601772250414407757_n-1024x768.jpg\" alt=\"\" class=\"wp-image-2770\" srcset=\"http:\/\/biblioteka.witnica.pl\/wp-content\/uploads\/2024\/02\/427735287_327014736498225_3601772250414407757_n-1024x768.jpg 1024w, http:\/\/biblioteka.witnica.pl\/wp-content\/uploads\/2024\/02\/427735287_327014736498225_3601772250414407757_n-300x225.jpg 300w, http:\/\/biblioteka.witnica.pl\/wp-content\/uploads\/2024\/02\/427735287_327014736498225_3601772250414407757_n-768x576.jpg 768w, http:\/\/biblioteka.witnica.pl\/wp-content\/uploads\/2024\/02\/427735287_327014736498225_3601772250414407757_n-1536x1152.jpg 1536w, http:\/\/biblioteka.witnica.pl\/wp-content\/uploads\/2024\/02\/427735287_327014736498225_3601772250414407757_n-333x250.jpg 333w, http:\/\/biblioteka.witnica.pl\/wp-content\/uploads\/2024\/02\/427735287_327014736498225_3601772250414407757_n.jpg 1734w\" sizes=\"(max-width: 1024px) 100vw, 1024px\" \/><\/figure>\n<\/div>\n<\/div>\n\n\n\n<div class=\"wp-block-columns alignwide are-vertically-aligned-center\">\n<div class=\"wp-block-column\" style=\"flex-basis:50%\">\n<figure class=\"wp-block-image\"><img loading=\"lazy\" width=\"828\" height=\"542\" src=\"http:\/\/biblioteka.witnica.pl\/wp-content\/uploads\/2024\/02\/424779398_952378866521679_2339449702712926620_n.jpg\" alt=\"\" class=\"wp-image-2761\" srcset=\"http:\/\/biblioteka.witnica.pl\/wp-content\/uploads\/2024\/02\/424779398_952378866521679_2339449702712926620_n.jpg 828w, http:\/\/biblioteka.witnica.pl\/wp-content\/uploads\/2024\/02\/424779398_952378866521679_2339449702712926620_n-300x196.jpg 300w, http:\/\/biblioteka.witnica.pl\/wp-content\/uploads\/2024\/02\/424779398_952378866521679_2339449702712926620_n-768x503.jpg 768w, http:\/\/biblioteka.witnica.pl\/wp-content\/uploads\/2024\/02\/424779398_952378866521679_2339449702712926620_n-352x230.jpg 352w\" sizes=\"(max-width: 828px) 100vw, 828px\" \/><\/figure>\n<\/div>\n\n\n\n<div class=\"wp-block-column\" style=\"flex-basis:50%\">\n<p>Dzie\u0144 2. \u2013 kartki wielkanocne<\/p>\n\n\n\n<p>Zaj\u0119cia poprowadzi\u0142a p. Angelika Ko\u0142odziejczyk, instruktorka z Warsztatu Terapii Zaj\u0119ciowej w Kamieniu Wielkim wraz z podopiecznymi Ani\u0105 i Dominik\u0105. Pod ich kierunkiem dzieci wykona\u0142y kartki wielkanocne nowo poznan\u0105 technik\u0105 Iris Folding.<\/p>\n<\/div>\n<\/div>\n\n\n\n<div class=\"wp-block-columns alignwide are-vertically-aligned-center\">\n<div class=\"wp-block-column\" style=\"flex-basis:74%\">\n<p>Dzie\u0144 3. \u2013 zaj\u0119cia zielarskie<\/p>\n\n\n\n<p>Pasjonatka zielarstwa Iwona Konieczna-Marzec poprowadzi\u0142a zaj\u0119cia po\u015bwi\u0119cone ro\u015blinom, kt\u00f3re na co dzie\u0144 mo\u017cemy spotka\u0107 w ogrodach i \u0142\u0105kach, a tak\u017ce w domowych zielnikach. Zaprezentowa\u0142a tak\u017ce ksi\u0105\u017cki na temat zielarstwa oraz zach\u0119ca\u0142a do wykorzystania zdobytej wiedzy w kuchni. Dzieci pozna\u0142y r\u00f3\u017cne przyprawy, a nast\u0119pnie sporz\u0105dzi\u0142y z nich autorskie mieszanki.<\/p>\n<\/div>\n\n\n\n<div class=\"wp-block-column\" style=\"flex-basis:26%\">\n<figure class=\"wp-block-image\"><img loading=\"lazy\" width=\"1024\" height=\"1024\" src=\"http:\/\/biblioteka.witnica.pl\/wp-content\/uploads\/2024\/02\/428607763_739676998261565_171798973667248550_n-1024x1024.jpg\" alt=\"\" class=\"wp-image-2762\" srcset=\"http:\/\/biblioteka.witnica.pl\/wp-content\/uploads\/2024\/02\/428607763_739676998261565_171798973667248550_n-1024x1024.jpg 1024w, http:\/\/biblioteka.witnica.pl\/wp-content\/uploads\/2024\/02\/428607763_739676998261565_171798973667248550_n-300x300.jpg 300w, http:\/\/biblioteka.witnica.pl\/wp-content\/uploads\/2024\/02\/428607763_739676998261565_171798973667248550_n-150x150.jpg 150w, http:\/\/biblioteka.witnica.pl\/wp-content\/uploads\/2024\/02\/428607763_739676998261565_171798973667248550_n-768x768.jpg 768w, http:\/\/biblioteka.witnica.pl\/wp-content\/uploads\/2024\/02\/428607763_739676998261565_171798973667248550_n-1536x1536.jpg 1536w, http:\/\/biblioteka.witnica.pl\/wp-content\/uploads\/2024\/02\/428607763_739676998261565_171798973667248550_n.jpg 2048w, http:\/\/biblioteka.witnica.pl\/wp-content\/uploads\/2024\/02\/428607763_739676998261565_171798973667248550_n-250x250.jpg 250w\" sizes=\"(max-width: 1024px) 100vw, 1024px\" \/><\/figure>\n<\/div>\n<\/div>\n\n\n\n<div class=\"wp-block-columns alignwide are-vertically-aligned-center\">\n<div class=\"wp-block-column\" style=\"flex-basis:28%\">\n<figure class=\"wp-block-image\"><img loading=\"lazy\" width=\"1024\" height=\"1024\" src=\"http:\/\/biblioteka.witnica.pl\/wp-content\/uploads\/2024\/02\/428633752_740017764894155_4895283973006301358_n-1024x1024.jpg\" alt=\"\" class=\"wp-image-2763\" srcset=\"http:\/\/biblioteka.witnica.pl\/wp-content\/uploads\/2024\/02\/428633752_740017764894155_4895283973006301358_n-1024x1024.jpg 1024w, http:\/\/biblioteka.witnica.pl\/wp-content\/uploads\/2024\/02\/428633752_740017764894155_4895283973006301358_n-300x300.jpg 300w, http:\/\/biblioteka.witnica.pl\/wp-content\/uploads\/2024\/02\/428633752_740017764894155_4895283973006301358_n-150x150.jpg 150w, http:\/\/biblioteka.witnica.pl\/wp-content\/uploads\/2024\/02\/428633752_740017764894155_4895283973006301358_n-768x768.jpg 768w, http:\/\/biblioteka.witnica.pl\/wp-content\/uploads\/2024\/02\/428633752_740017764894155_4895283973006301358_n-1536x1536.jpg 1536w, http:\/\/biblioteka.witnica.pl\/wp-content\/uploads\/2024\/02\/428633752_740017764894155_4895283973006301358_n-250x250.jpg 250w, http:\/\/biblioteka.witnica.pl\/wp-content\/uploads\/2024\/02\/428633752_740017764894155_4895283973006301358_n.jpg 1600w\" sizes=\"(max-width: 1024px) 100vw, 1024px\" \/><\/figure>\n<\/div>\n\n\n\n<div class=\"wp-block-column\" style=\"flex-basis:72%\">\n<p>Dzie\u0144 4. \u2013 j\u0119zyk angielski i teatrzyk kamishibai<\/p>\n\n\n\n<p>Dzieci pozna\u0142y teatrzyk kamishibai, a w nim postacie Krecika, Kubusia Puchatka i Smoka z Jeziora Wielkiego \u2013 bohatera witnickiej legendy autorstwa Cezarego \u017bo\u0142y\u0144skiego. Dzieci wcieli\u0142y si\u0119 w lektor\u00f3w i pi\u0119knie przeczyta\u0142y teksty bajek.<\/p>\n\n\n\n<p>W drugiej cz\u0119\u015bci zaj\u0119\u0107 doskonali\u0142y j\u0119zyk angielski. Zabaw\u0119 poprowadzi\u0142 p. Rafal Kruczyk z Centrum Edukacyjnego w Witnicy.<\/p>\n<\/div>\n<\/div>\n\n\n\n<div class=\"wp-block-columns alignwide are-vertically-aligned-center\">\n<div class=\"wp-block-column\" style=\"flex-basis:75%\">\n<p>Dzie\u0144 5. \u2013 kolorowe torby Na zako\u0144czenie zimowych zaj\u0119\u0107 w bibliotece dzieci uczestniczy\u0142y w kreatywnych zaj\u0119ciach, kt\u00f3re poprowadzi\u0142a p. Monika Pawlak, animatorka z SOWA Witnica. Dzieci malowa\u0142y specjalnymi farbami bawe\u0142niane torby. Prace wysz\u0142y pi\u0119kne i kolorowe, a dzieci szcz\u0119\u015bliwe i zadowolone z w\u0142asnych dzie\u0142.<\/p>\n<\/div>\n\n\n\n<div class=\"wp-block-column\" style=\"flex-basis:25%\">\n<figure class=\"wp-block-image\"><img loading=\"lazy\" width=\"1024\" height=\"1024\" src=\"http:\/\/biblioteka.witnica.pl\/wp-content\/uploads\/2024\/02\/428648468_740581744837757_3540707174334781789_n-1024x1024.jpg\" alt=\"\" class=\"wp-image-2764\" srcset=\"http:\/\/biblioteka.witnica.pl\/wp-content\/uploads\/2024\/02\/428648468_740581744837757_3540707174334781789_n-1024x1024.jpg 1024w, http:\/\/biblioteka.witnica.pl\/wp-content\/uploads\/2024\/02\/428648468_740581744837757_3540707174334781789_n-300x300.jpg 300w, http:\/\/biblioteka.witnica.pl\/wp-content\/uploads\/2024\/02\/428648468_740581744837757_3540707174334781789_n-150x150.jpg 150w, http:\/\/biblioteka.witnica.pl\/wp-content\/uploads\/2024\/02\/428648468_740581744837757_3540707174334781789_n-768x768.jpg 768w, http:\/\/biblioteka.witnica.pl\/wp-content\/uploads\/2024\/02\/428648468_740581744837757_3540707174334781789_n-1536x1536.jpg 1536w, http:\/\/biblioteka.witnica.pl\/wp-content\/uploads\/2024\/02\/428648468_740581744837757_3540707174334781789_n-250x250.jpg 250w, http:\/\/biblioteka.witnica.pl\/wp-content\/uploads\/2024\/02\/428648468_740581744837757_3540707174334781789_n.jpg 1600w\" sizes=\"(max-width: 1024px) 100vw, 1024px\" \/><\/figure>\n<\/div>\n<\/div>\n\n\n\n<p>Wszystkie spotkania by\u0142y bezp\u0142atne, przeprowadzone si\u0142ami w\u0142asnymi biblioteki i przyjaci\u00f3\u0142.<\/p>\n\n\n\n<figure class=\"wp-block-gallery has-nested-images columns-default is-cropped\">\n<figure class=\"wp-block-image size-large\"><img loading=\"lazy\" width=\"828\" height=\"622\" data-id=\"2765\"  src=\"http:\/\/biblioteka.witnica.pl\/wp-content\/uploads\/2024\/02\/425014949_952379066521659_1770928030967739543_n.jpg\" alt=\"\" class=\"wp-image-2765\" srcset=\"http:\/\/biblioteka.witnica.pl\/wp-content\/uploads\/2024\/02\/425014949_952379066521659_1770928030967739543_n.jpg 828w, http:\/\/biblioteka.witnica.pl\/wp-content\/uploads\/2024\/02\/425014949_952379066521659_1770928030967739543_n-300x225.jpg 300w, http:\/\/biblioteka.witnica.pl\/wp-content\/uploads\/2024\/02\/425014949_952379066521659_1770928030967739543_n-768x577.jpg 768w, http:\/\/biblioteka.witnica.pl\/wp-content\/uploads\/2024\/02\/425014949_952379066521659_1770928030967739543_n-333x250.jpg 333w\" sizes=\"(max-width: 828px) 100vw, 828px\" \/><\/figure>\n\n\n\n<figure class=\"wp-block-image size-large\"><img loading=\"lazy\" width=\"1536\" height=\"2048\" data-id=\"2766\"  src=\"http:\/\/biblioteka.witnica.pl\/wp-content\/uploads\/2024\/02\/428599907_952381609854738_5405460816540961819_n.jpg\" alt=\"\" class=\"wp-image-2766\" srcset=\"http:\/\/biblioteka.witnica.pl\/wp-content\/uploads\/2024\/02\/428599907_952381609854738_5405460816540961819_n.jpg 1536w, http:\/\/biblioteka.witnica.pl\/wp-content\/uploads\/2024\/02\/428599907_952381609854738_5405460816540961819_n-225x300.jpg 225w, http:\/\/biblioteka.witnica.pl\/wp-content\/uploads\/2024\/02\/428599907_952381609854738_5405460816540961819_n-768x1024.jpg 768w, http:\/\/biblioteka.witnica.pl\/wp-content\/uploads\/2024\/02\/428599907_952381609854738_5405460816540961819_n-1152x1536.jpg 1152w, http:\/\/biblioteka.witnica.pl\/wp-content\/uploads\/2024\/02\/428599907_952381609854738_5405460816540961819_n-188x250.jpg 188w\" sizes=\"(max-width: 1536px) 100vw, 1536px\" \/><\/figure>\n\n\n\n<figure class=\"wp-block-image size-large\"><img loading=\"lazy\" width=\"828\" height=\"1104\" data-id=\"2767\"  src=\"http:\/\/biblioteka.witnica.pl\/wp-content\/uploads\/2024\/02\/428600183_952381536521412_6937023099597877747_n.jpg\" alt=\"\" class=\"wp-image-2767\" srcset=\"http:\/\/biblioteka.witnica.pl\/wp-content\/uploads\/2024\/02\/428600183_952381536521412_6937023099597877747_n.jpg 828w, http:\/\/biblioteka.witnica.pl\/wp-content\/uploads\/2024\/02\/428600183_952381536521412_6937023099597877747_n-225x300.jpg 225w, http:\/\/biblioteka.witnica.pl\/wp-content\/uploads\/2024\/02\/428600183_952381536521412_6937023099597877747_n-768x1024.jpg 768w, http:\/\/biblioteka.witnica.pl\/wp-content\/uploads\/2024\/02\/428600183_952381536521412_6937023099597877747_n-188x250.jpg 188w\" sizes=\"(max-width: 828px) 100vw, 828px\" \/><\/figure>\n\n\n\n<figure class=\"wp-block-image size-large\"><img loading=\"lazy\" width=\"828\" height=\"1104\" data-id=\"2768\"  src=\"http:\/\/biblioteka.witnica.pl\/wp-content\/uploads\/2024\/02\/428600731_952381633188069_9097415504357704701_n.jpg\" alt=\"\" class=\"wp-image-2768\" srcset=\"http:\/\/biblioteka.witnica.pl\/wp-content\/uploads\/2024\/02\/428600731_952381633188069_9097415504357704701_n.jpg 828w, http:\/\/biblioteka.witnica.pl\/wp-content\/uploads\/2024\/02\/428600731_952381633188069_9097415504357704701_n-225x300.jpg 225w, http:\/\/biblioteka.witnica.pl\/wp-content\/uploads\/2024\/02\/428600731_952381633188069_9097415504357704701_n-768x1024.jpg 768w, http:\/\/biblioteka.witnica.pl\/wp-content\/uploads\/2024\/02\/428600731_952381633188069_9097415504357704701_n-188x250.jpg 188w\" sizes=\"(max-width: 828px) 100vw, 828px\" \/><\/figure>\n\n\n\n<figure class=\"wp-block-image size-large\"><img loading=\"lazy\" width=\"828\" height=\"1104\" data-id=\"2769\"  src=\"http:\/\/biblioteka.witnica.pl\/wp-content\/uploads\/2024\/02\/428603204_952381479854751_928973300531038530_n.jpg\" alt=\"\" class=\"wp-image-2769\" srcset=\"http:\/\/biblioteka.witnica.pl\/wp-content\/uploads\/2024\/02\/428603204_952381479854751_928973300531038530_n.jpg 828w, http:\/\/biblioteka.witnica.pl\/wp-content\/uploads\/2024\/02\/428603204_952381479854751_928973300531038530_n-225x300.jpg 225w, http:\/\/biblioteka.witnica.pl\/wp-content\/uploads\/2024\/02\/428603204_952381479854751_928973300531038530_n-768x1024.jpg 768w, http:\/\/biblioteka.witnica.pl\/wp-content\/uploads\/2024\/02\/428603204_952381479854751_928973300531038530_n-188x250.jpg 188w\" sizes=\"(max-width: 828px) 100vw, 828px\" \/><\/figure>\n\n\n\n<figure class=\"wp-block-image size-large\"><img loading=\"lazy\" width=\"1301\" height=\"1734\" data-id=\"2771\"  src=\"http:\/\/biblioteka.witnica.pl\/wp-content\/uploads\/2024\/02\/427833677_1343399806373713_4985130253758354756_n.jpg\" alt=\"\" class=\"wp-image-2771\" srcset=\"http:\/\/biblioteka.witnica.pl\/wp-content\/uploads\/2024\/02\/427833677_1343399806373713_4985130253758354756_n.jpg 1301w, http:\/\/biblioteka.witnica.pl\/wp-content\/uploads\/2024\/02\/427833677_1343399806373713_4985130253758354756_n-225x300.jpg 225w, http:\/\/biblioteka.witnica.pl\/wp-content\/uploads\/2024\/02\/427833677_1343399806373713_4985130253758354756_n-768x1024.jpg 768w, http:\/\/biblioteka.witnica.pl\/wp-content\/uploads\/2024\/02\/427833677_1343399806373713_4985130253758354756_n-1152x1536.jpg 1152w, http:\/\/biblioteka.witnica.pl\/wp-content\/uploads\/2024\/02\/427833677_1343399806373713_4985130253758354756_n-188x250.jpg 188w\" sizes=\"(max-width: 1301px) 100vw, 1301px\" \/><\/figure>\n\n\n\n<figure class=\"wp-block-image size-large\"><img loading=\"lazy\" width=\"1301\" height=\"1734\" data-id=\"2772\"  src=\"http:\/\/biblioteka.witnica.pl\/wp-content\/uploads\/2024\/02\/428833759_1858637567900357_4284701575435664773_n.jpg\" alt=\"\" class=\"wp-image-2772\" srcset=\"http:\/\/biblioteka.witnica.pl\/wp-content\/uploads\/2024\/02\/428833759_1858637567900357_4284701575435664773_n.jpg 1301w, http:\/\/biblioteka.witnica.pl\/wp-content\/uploads\/2024\/02\/428833759_1858637567900357_4284701575435664773_n-225x300.jpg 225w, http:\/\/biblioteka.witnica.pl\/wp-content\/uploads\/2024\/02\/428833759_1858637567900357_4284701575435664773_n-768x1024.jpg 768w, http:\/\/biblioteka.witnica.pl\/wp-content\/uploads\/2024\/02\/428833759_1858637567900357_4284701575435664773_n-1152x1536.jpg 1152w, http:\/\/biblioteka.witnica.pl\/wp-content\/uploads\/2024\/02\/428833759_1858637567900357_4284701575435664773_n-188x250.jpg 188w\" sizes=\"(max-width: 1301px) 100vw, 1301px\" \/><\/figure>\n\n\n\n<figure class=\"wp-block-image size-large\"><img loading=\"lazy\" width=\"1301\" height=\"1734\" data-id=\"2773\"  src=\"http:\/\/biblioteka.witnica.pl\/wp-content\/uploads\/2024\/02\/428888823_1175664726757554_3817556332713511421_n.jpg\" alt=\"\" class=\"wp-image-2773\" srcset=\"http:\/\/biblioteka.witnica.pl\/wp-content\/uploads\/2024\/02\/428888823_1175664726757554_3817556332713511421_n.jpg 1301w, http:\/\/biblioteka.witnica.pl\/wp-content\/uploads\/2024\/02\/428888823_1175664726757554_3817556332713511421_n-225x300.jpg 225w, http:\/\/biblioteka.witnica.pl\/wp-content\/uploads\/2024\/02\/428888823_1175664726757554_3817556332713511421_n-768x1024.jpg 768w, http:\/\/biblioteka.witnica.pl\/wp-content\/uploads\/2024\/02\/428888823_1175664726757554_3817556332713511421_n-1152x1536.jpg 1152w, http:\/\/biblioteka.witnica.pl\/wp-content\/uploads\/2024\/02\/428888823_1175664726757554_3817556332713511421_n-188x250.jpg 188w\" sizes=\"(max-width: 1301px) 100vw, 1301px\" \/><\/figure>\n\n\n\n<figure class=\"wp-block-image size-large\"><img loading=\"lazy\" width=\"1301\" height=\"1734\" data-id=\"2774\"  src=\"http:\/\/biblioteka.witnica.pl\/wp-content\/uploads\/2024\/02\/429627525_3740005196220994_1010359557069132607_n.jpg\" alt=\"\" class=\"wp-image-2774\" srcset=\"http:\/\/biblioteka.witnica.pl\/wp-content\/uploads\/2024\/02\/429627525_3740005196220994_1010359557069132607_n.jpg 1301w, http:\/\/biblioteka.witnica.pl\/wp-content\/uploads\/2024\/02\/429627525_3740005196220994_1010359557069132607_n-225x300.jpg 225w, http:\/\/biblioteka.witnica.pl\/wp-content\/uploads\/2024\/02\/429627525_3740005196220994_1010359557069132607_n-768x1024.jpg 768w, http:\/\/biblioteka.witnica.pl\/wp-content\/uploads\/2024\/02\/429627525_3740005196220994_1010359557069132607_n-1152x1536.jpg 1152w, http:\/\/biblioteka.witnica.pl\/wp-content\/uploads\/2024\/02\/429627525_3740005196220994_1010359557069132607_n-188x250.jpg 188w\" sizes=\"(max-width: 1301px) 100vw, 1301px\" \/><\/figure>\n<\/figure>\n<div class='sfsi_Sicons' style='width: 100%; display: inline-block; vertical-align: middle; text-align:left'><div style='margin:0px 8px 0px 0px; line-height: 24px'><span><\/span><\/div><div class='sfsi_socialwpr'><div class='sf_fb' style='text-align:left;vertical-align: middle;width:98px'><div class=\"fb-like\" href=\"http:\/\/biblioteka.witnica.pl\/?p=2760\" width=\"180\" send=\"false\" showfaces=\"false\"  action=\"like\" data-share=\"true\"data-layout=\"button\" ><\/div><\/div><\/div><\/div>","protected":false},"excerpt":{"rendered":"<p>W czasie ferii zimowych witnicka biblioteka zorganizowa\u0142a cykl\u00a0 zaj\u0119\u0107 dla dzieci. Ich uczestnicy tworzyli kartki wielkanocne, zg\u0142\u0119biali sztuk\u0119 malowania toreb i wznosili budowle z klock\u00f3w LEGO.<\/p>\n","protected":false},"author":2,"featured_media":2761,"comment_status":"open","ping_status":"open","sticky":false,"template":"","format":"standard","meta":[],"categories":[1],"tags":[105],"_links":{"self":[{"href":"http:\/\/biblioteka.witnica.pl\/index.php?rest_route=\/wp\/v2\/posts\/2760"}],"collection":[{"href":"http:\/\/biblioteka.witnica.pl\/index.php?rest_route=\/wp\/v2\/posts"}],"about":[{"href":"http:\/\/biblioteka.witnica.pl\/index.php?rest_route=\/wp\/v2\/types\/post"}],"author":[{"embeddable":true,"href":"http:\/\/biblioteka.witnica.pl\/index.php?rest_route=\/wp\/v2\/users\/2"}],"replies":[{"embeddable":true,"href":"http:\/\/biblioteka.witnica.pl\/index.php?rest_route=%2Fwp%2Fv2%2Fcomments&post=2760"}],"version-history":[{"count":1,"href":"http:\/\/biblioteka.witnica.pl\/index.php?rest_route=\/wp\/v2\/posts\/2760\/revisions"}],"predecessor-version":[{"id":2775,"href":"http:\/\/biblioteka.witnica.pl\/index.php?rest_route=\/wp\/v2\/posts\/2760\/revisions\/2775"}],"wp:featuredmedia":[{"embeddable":true,"href":"http:\/\/biblioteka.witnica.pl\/index.php?rest_route=\/wp\/v2\/media\/2761"}],"wp:attachment":[{"href":"http:\/\/biblioteka.witnica.pl\/index.php?rest_route=%2Fwp%2Fv2%2Fmedia&parent=2760"}],"wp:term":[{"taxonomy":"category","embeddable":true,"href":"http:\/\/biblioteka.witnica.pl\/index.php?rest_route=%2Fwp%2Fv2%2Fcategories&post=2760"},{"taxonomy":"post_tag","embeddable":true,"href":"http:\/\/biblioteka.witnica.pl\/index.php?rest_route=%2Fwp%2Fv2%2Ftags&post=2760"}],"curies":[{"name":"wp","href":"https:\/\/api.w.org\/{rel}","templated":true}]}}