{"id":2749,"date":"2024-02-28T12:35:44","date_gmt":"2024-02-28T12:35:44","guid":{"rendered":"http:\/\/biblioteka.witnica.pl\/?p=2749"},"modified":"2024-02-28T12:35:44","modified_gmt":"2024-02-28T12:35:44","slug":"ferie-w-dabroszynie-2","status":"publish","type":"post","link":"http:\/\/biblioteka.witnica.pl\/?p=2749","title":{"rendered":"Ferie w D\u0105broszynie"},"content":{"rendered":"\n<p class=\"gmail-p\"><span style=\"font-family: 'Calibri',sans-serif;\">Ferie zimowe w <\/span><span style=\"background-image: initial; background-position: initial; background-size: initial; background-repeat: initial; background-origin: initial; background-clip: initial;\">d\u0105broszy\u0144skiej<\/span><span style=\"background-image: initial; background-position: initial; background-size: initial; background-repeat: initial; background-origin: initial; background-clip: initial;\">\u00a0by\u0142y pe\u0142ne ciekawych wydarze\u0144!<\/span><\/p>\n<p>\u00a0<\/p>\n\n\n\n<div class=\"wp-block-columns alignwide are-vertically-aligned-center\">\n<div class=\"wp-block-column\" style=\"flex-basis:74%\">\n<p class=\"has-regular-font-size\">Pierwszego dnia\u00a0wsp\u00f3lnie tworzyli\u015bmy pi\u0119kne ozdoby na okno, kt\u00f3re roz\u015bwietli\u0142y bibliotek\u0119 i wprowadzi\u0142y wiosenny klimat.<\/p>\n<\/div>\n\n\n\n<div class=\"wp-block-column\" style=\"flex-basis:26%\">\n<figure class=\"wp-block-image\"><img loading=\"lazy\" width=\"1024\" height=\"957\" src=\"http:\/\/biblioteka.witnica.pl\/wp-content\/uploads\/2024\/02\/429931220_805841221577064_2235891944617824219_n-1-1024x957.jpg\" alt=\"\" class=\"wp-image-2751\" srcset=\"http:\/\/biblioteka.witnica.pl\/wp-content\/uploads\/2024\/02\/429931220_805841221577064_2235891944617824219_n-1-1024x957.jpg 1024w, http:\/\/biblioteka.witnica.pl\/wp-content\/uploads\/2024\/02\/429931220_805841221577064_2235891944617824219_n-1-300x280.jpg 300w, http:\/\/biblioteka.witnica.pl\/wp-content\/uploads\/2024\/02\/429931220_805841221577064_2235891944617824219_n-1-768x718.jpg 768w, http:\/\/biblioteka.witnica.pl\/wp-content\/uploads\/2024\/02\/429931220_805841221577064_2235891944617824219_n-1-267x250.jpg 267w, http:\/\/biblioteka.witnica.pl\/wp-content\/uploads\/2024\/02\/429931220_805841221577064_2235891944617824219_n-1.jpg 1530w\" sizes=\"(max-width: 1024px) 100vw, 1024px\" \/><\/figure>\n<\/div>\n<\/div>\n\n\n\n<div class=\"wp-block-columns alignwide are-vertically-aligned-center\">\n<div class=\"wp-block-column\" style=\"flex-basis:17%\">\n<figure class=\"wp-block-image\"><img loading=\"lazy\" width=\"768\" height=\"1024\" src=\"http:\/\/biblioteka.witnica.pl\/wp-content\/uploads\/2024\/02\/429959559_805841411577045_1836674804212985711_n-768x1024.jpg\" alt=\"\" class=\"wp-image-2752\" srcset=\"http:\/\/biblioteka.witnica.pl\/wp-content\/uploads\/2024\/02\/429959559_805841411577045_1836674804212985711_n-768x1024.jpg 768w, http:\/\/biblioteka.witnica.pl\/wp-content\/uploads\/2024\/02\/429959559_805841411577045_1836674804212985711_n-225x300.jpg 225w, http:\/\/biblioteka.witnica.pl\/wp-content\/uploads\/2024\/02\/429959559_805841411577045_1836674804212985711_n-1152x1536.jpg 1152w, http:\/\/biblioteka.witnica.pl\/wp-content\/uploads\/2024\/02\/429959559_805841411577045_1836674804212985711_n-188x250.jpg 188w, http:\/\/biblioteka.witnica.pl\/wp-content\/uploads\/2024\/02\/429959559_805841411577045_1836674804212985711_n.jpg 1536w\" sizes=\"(max-width: 768px) 100vw, 768px\" \/><\/figure>\n<\/div>\n\n\n\n<div class=\"wp-block-column\" style=\"flex-basis:83%\">\n<p>Nast\u0119pnie udali\u015bmy si\u0119 w podr\u00f3\u017c po najpi\u0119kniejszych zak\u0105tkach \u015bwiata, ogl\u0105daj\u0105c fascynuj\u0105ce filmy krajoznawcze w okularach 3D.<br>Drugi dzie\u0144&nbsp;up\u0142yn\u0105\u0142 pod znakiem zaj\u0119\u0107 plastycznych. Wykorzystuj\u0105c papier i kreatywno\u015b\u0107, stworzyli\u015bmy przepi\u0119kne hiacynty, kt\u00f3re sta\u0142y si\u0119 ozdob\u0105 naszych dom\u00f3w.<\/p>\n<\/div>\n<\/div>\n\n\n\n<p>Trzeciego dnia\u00a0obchodzili\u015bmy Mi\u0119dzynarodowy Dzie\u0144 J\u0119zyka Ojczystego. Wsp\u00f3lnie czytali\u015bmy, bawili\u015bmy si\u0119 j\u0119zykiem i uczyli\u015bmy si\u0119 docenia\u0107 pi\u0119kno ojczystej mowy.<\/p>\n\n\n\n<div class=\"wp-block-columns alignwide are-vertically-aligned-center\">\n<div class=\"wp-block-column\" style=\"flex-basis:84%\">\n<p><br>W dw\u00f3ch ostatnich dniach ferii\u00a0skupili\u015bmy si\u0119 na przygotowaniach do Wielkanocy.<\/p>\n\n\n\n<p>Wykonali\u015bmy kolorowe ozdoby \u015bwi\u0105teczne. Na zako\u0144czenie ferii obejrzeli\u015bmy wzruszaj\u0105cy film o pokonywaniu dzieci\u0119cych l\u0119k\u00f3w.<\/p>\n<\/div>\n\n\n\n<div class=\"wp-block-column\" style=\"flex-basis:16%\">\n<figure class=\"wp-block-image\"><img loading=\"lazy\" width=\"768\" height=\"1024\" src=\"http:\/\/biblioteka.witnica.pl\/wp-content\/uploads\/2024\/02\/429661016_805841148243738_84027477400111718_n-768x1024.jpg\" alt=\"\" class=\"wp-image-2753\" srcset=\"http:\/\/biblioteka.witnica.pl\/wp-content\/uploads\/2024\/02\/429661016_805841148243738_84027477400111718_n-768x1024.jpg 768w, http:\/\/biblioteka.witnica.pl\/wp-content\/uploads\/2024\/02\/429661016_805841148243738_84027477400111718_n-225x300.jpg 225w, http:\/\/biblioteka.witnica.pl\/wp-content\/uploads\/2024\/02\/429661016_805841148243738_84027477400111718_n-1152x1536.jpg 1152w, http:\/\/biblioteka.witnica.pl\/wp-content\/uploads\/2024\/02\/429661016_805841148243738_84027477400111718_n-188x250.jpg 188w, http:\/\/biblioteka.witnica.pl\/wp-content\/uploads\/2024\/02\/429661016_805841148243738_84027477400111718_n.jpg 1536w\" sizes=\"(max-width: 768px) 100vw, 768px\" \/><\/figure>\n<\/div>\n<\/div>\n\n\n\n<div class=\"wp-block-columns alignwide are-vertically-aligned-center\">\n<div class=\"wp-block-column\" style=\"flex-basis:23%\">\n<figure class=\"wp-block-image\"><img loading=\"lazy\" width=\"1024\" height=\"757\" src=\"http:\/\/biblioteka.witnica.pl\/wp-content\/uploads\/2024\/02\/429919391_805841374910382_2164387204469190611_n-1024x757.jpg\" alt=\"\" class=\"wp-image-2754\" srcset=\"http:\/\/biblioteka.witnica.pl\/wp-content\/uploads\/2024\/02\/429919391_805841374910382_2164387204469190611_n-1024x757.jpg 1024w, http:\/\/biblioteka.witnica.pl\/wp-content\/uploads\/2024\/02\/429919391_805841374910382_2164387204469190611_n-300x222.jpg 300w, http:\/\/biblioteka.witnica.pl\/wp-content\/uploads\/2024\/02\/429919391_805841374910382_2164387204469190611_n-768x567.jpg 768w, http:\/\/biblioteka.witnica.pl\/wp-content\/uploads\/2024\/02\/429919391_805841374910382_2164387204469190611_n-1536x1135.jpg 1536w, http:\/\/biblioteka.witnica.pl\/wp-content\/uploads\/2024\/02\/429919391_805841374910382_2164387204469190611_n-338x250.jpg 338w, http:\/\/biblioteka.witnica.pl\/wp-content\/uploads\/2024\/02\/429919391_805841374910382_2164387204469190611_n.jpg 2048w\" sizes=\"(max-width: 1024px) 100vw, 1024px\" \/><\/figure>\n<\/div>\n\n\n\n<div class=\"wp-block-column\" style=\"flex-basis:77%\">\n<p class=\"has-regular-font-size\">Ferie w bibliotece to czas zabawy, nauki i rozwijania pasji. Dzi\u0119kujemy wszystkim, kt\u00f3rzy wzi\u0119li udzia\u0142 w naszych zaj\u0119ciach i zapraszamy na kolejne wydarzenia!<\/p>\n<\/div>\n<\/div>\n\n\n\n<figure class=\"wp-block-gallery has-nested-images columns-default is-cropped\">\n<figure class=\"wp-block-image size-large\"><img loading=\"lazy\" width=\"2048\" height=\"1536\" data-id=\"2755\"  src=\"http:\/\/biblioteka.witnica.pl\/wp-content\/uploads\/2024\/02\/429923084_805841544910365_5752411394541932494_n.jpg\" alt=\"\" class=\"wp-image-2755\" srcset=\"http:\/\/biblioteka.witnica.pl\/wp-content\/uploads\/2024\/02\/429923084_805841544910365_5752411394541932494_n.jpg 2048w, http:\/\/biblioteka.witnica.pl\/wp-content\/uploads\/2024\/02\/429923084_805841544910365_5752411394541932494_n-300x225.jpg 300w, http:\/\/biblioteka.witnica.pl\/wp-content\/uploads\/2024\/02\/429923084_805841544910365_5752411394541932494_n-1024x768.jpg 1024w, http:\/\/biblioteka.witnica.pl\/wp-content\/uploads\/2024\/02\/429923084_805841544910365_5752411394541932494_n-768x576.jpg 768w, http:\/\/biblioteka.witnica.pl\/wp-content\/uploads\/2024\/02\/429923084_805841544910365_5752411394541932494_n-1536x1152.jpg 1536w, http:\/\/biblioteka.witnica.pl\/wp-content\/uploads\/2024\/02\/429923084_805841544910365_5752411394541932494_n-333x250.jpg 333w\" sizes=\"(max-width: 2048px) 100vw, 2048px\" \/><\/figure>\n\n\n\n<figure class=\"wp-block-image size-large\"><img loading=\"lazy\" width=\"922\" height=\"2048\" data-id=\"2756\"  src=\"http:\/\/biblioteka.witnica.pl\/wp-content\/uploads\/2024\/02\/430023715_805841454910374_251601233640518087_n.jpg\" alt=\"\" class=\"wp-image-2756\" srcset=\"http:\/\/biblioteka.witnica.pl\/wp-content\/uploads\/2024\/02\/430023715_805841454910374_251601233640518087_n.jpg 922w, http:\/\/biblioteka.witnica.pl\/wp-content\/uploads\/2024\/02\/430023715_805841454910374_251601233640518087_n-135x300.jpg 135w, http:\/\/biblioteka.witnica.pl\/wp-content\/uploads\/2024\/02\/430023715_805841454910374_251601233640518087_n-461x1024.jpg 461w, http:\/\/biblioteka.witnica.pl\/wp-content\/uploads\/2024\/02\/430023715_805841454910374_251601233640518087_n-768x1706.jpg 768w, http:\/\/biblioteka.witnica.pl\/wp-content\/uploads\/2024\/02\/430023715_805841454910374_251601233640518087_n-692x1536.jpg 692w, http:\/\/biblioteka.witnica.pl\/wp-content\/uploads\/2024\/02\/430023715_805841454910374_251601233640518087_n-113x250.jpg 113w\" sizes=\"(max-width: 922px) 100vw, 922px\" \/><\/figure>\n\n\n\n<figure class=\"wp-block-image size-large\"><img loading=\"lazy\" width=\"1536\" height=\"2048\" data-id=\"2757\"  src=\"http:\/\/biblioteka.witnica.pl\/wp-content\/uploads\/2024\/02\/429940919_805841494910370_1527302111707199072_n.jpg\" alt=\"\" class=\"wp-image-2757\" srcset=\"http:\/\/biblioteka.witnica.pl\/wp-content\/uploads\/2024\/02\/429940919_805841494910370_1527302111707199072_n.jpg 1536w, http:\/\/biblioteka.witnica.pl\/wp-content\/uploads\/2024\/02\/429940919_805841494910370_1527302111707199072_n-225x300.jpg 225w, http:\/\/biblioteka.witnica.pl\/wp-content\/uploads\/2024\/02\/429940919_805841494910370_1527302111707199072_n-768x1024.jpg 768w, http:\/\/biblioteka.witnica.pl\/wp-content\/uploads\/2024\/02\/429940919_805841494910370_1527302111707199072_n-1152x1536.jpg 1152w, http:\/\/biblioteka.witnica.pl\/wp-content\/uploads\/2024\/02\/429940919_805841494910370_1527302111707199072_n-188x250.jpg 188w\" sizes=\"(max-width: 1536px) 100vw, 1536px\" \/><\/figure>\n<\/figure>\n\n\n<div class='sfsi_Sicons' style='width: 100%; display: inline-block; vertical-align: middle; text-align:left'><div style='margin:0px 8px 0px 0px; line-height: 24px'><span><\/span><\/div><div class='sfsi_socialwpr'><div class='sf_fb' style='text-align:left;vertical-align: middle;width:98px'><div class=\"fb-like\" href=\"http:\/\/biblioteka.witnica.pl\/?p=2749\" width=\"180\" send=\"false\" showfaces=\"false\"  action=\"like\" data-share=\"true\"data-layout=\"button\" ><\/div><\/div><\/div><\/div>","protected":false},"excerpt":{"rendered":"<p>Ferie zimowe w d\u0105broszy\u0144skiej\u00a0by\u0142y pe\u0142ne ciekawych wydarze\u0144!<\/p>\n","protected":false},"author":2,"featured_media":2754,"comment_status":"open","ping_status":"open","sticky":false,"template":"","format":"standard","meta":[],"categories":[7],"tags":[],"_links":{"self":[{"href":"http:\/\/biblioteka.witnica.pl\/index.php?rest_route=\/wp\/v2\/posts\/2749"}],"collection":[{"href":"http:\/\/biblioteka.witnica.pl\/index.php?rest_route=\/wp\/v2\/posts"}],"about":[{"href":"http:\/\/biblioteka.witnica.pl\/index.php?rest_route=\/wp\/v2\/types\/post"}],"author":[{"embeddable":true,"href":"http:\/\/biblioteka.witnica.pl\/index.php?rest_route=\/wp\/v2\/users\/2"}],"replies":[{"embeddable":true,"href":"http:\/\/biblioteka.witnica.pl\/index.php?rest_route=%2Fwp%2Fv2%2Fcomments&post=2749"}],"version-history":[{"count":1,"href":"http:\/\/biblioteka.witnica.pl\/index.php?rest_route=\/wp\/v2\/posts\/2749\/revisions"}],"predecessor-version":[{"id":2758,"href":"http:\/\/biblioteka.witnica.pl\/index.php?rest_route=\/wp\/v2\/posts\/2749\/revisions\/2758"}],"wp:featuredmedia":[{"embeddable":true,"href":"http:\/\/biblioteka.witnica.pl\/index.php?rest_route=\/wp\/v2\/media\/2754"}],"wp:attachment":[{"href":"http:\/\/biblioteka.witnica.pl\/index.php?rest_route=%2Fwp%2Fv2%2Fmedia&parent=2749"}],"wp:term":[{"taxonomy":"category","embeddable":true,"href":"http:\/\/biblioteka.witnica.pl\/index.php?rest_route=%2Fwp%2Fv2%2Fcategories&post=2749"},{"taxonomy":"post_tag","embeddable":true,"href":"http:\/\/biblioteka.witnica.pl\/index.php?rest_route=%2Fwp%2Fv2%2Ftags&post=2749"}],"curies":[{"name":"wp","href":"https:\/\/api.w.org\/{rel}","templated":true}]}}