{"id":2587,"date":"2023-07-22T06:45:50","date_gmt":"2023-07-22T06:45:50","guid":{"rendered":"http:\/\/biblioteka.witnica.pl\/?p=2587"},"modified":"2023-07-22T06:45:50","modified_gmt":"2023-07-22T06:45:50","slug":"wakacje-miedzy-ksiazkami","status":"publish","type":"post","link":"http:\/\/biblioteka.witnica.pl\/?p=2587","title":{"rendered":"Wakacje mi\u0119dzy ksi\u0105\u017ckami"},"content":{"rendered":"\n<p><strong>Wakacje mi\u0119dzy ksi\u0105\u017ckami<\/strong><\/p>\n<p><em>Zako\u0144czy\u0142 si\u0119 pi\u0119ciodniowy cykl wakacyjnych zaj\u0119\u0107 dla dzieci. Wszystkie zaj\u0119cia organizowane by\u0142y w oparciu o ksi\u0105\u017cki. Ka\u017cdego dnia m\u0142odzi czytelnicy mogli rozwija\u0107 inne zainteresowania i talenty.<\/em><\/p>\n<p>\u00a0<\/p>\n\n\n\n<div class=\"wp-block-columns alignwide are-vertically-aligned-center\">\n<div class=\"wp-block-column is-vertically-aligned-center\" style=\"flex-basis:80%\">\n<p>Dzie\u0144 I. Tor przeszk\u00f3d w towarzystwie robota Photona Ka\u017cde dziecko mia\u0142o szans\u0119 posterowa\u0107 tym przybyszem z odleg\u0142ej galaktyki. Uczestnicy wykonywali wylosowane zadania ruchowe i zagadki.<\/p>\n\n\n\n<p>Zwie\u0144czeniem zaj\u0119\u0107 by\u0142y eksperymenty &#8211; lampy lawy i nadmuchiwanie balona za pomoc\u0105 sody oczyszczonej.<\/p>\n<\/div>\n\n\n\n<div class=\"wp-block-column is-vertically-aligned-center\" style=\"flex-basis:20%\">\n<figure class=\"wp-block-image\"><img loading=\"lazy\" width=\"787\" height=\"1024\" src=\"http:\/\/biblioteka.witnica.pl\/wp-content\/uploads\/2023\/07\/359822534_621525846743348_5934101292141436873_n-787x1024.jpg\" alt=\"\" class=\"wp-image-2588\" srcset=\"http:\/\/biblioteka.witnica.pl\/wp-content\/uploads\/2023\/07\/359822534_621525846743348_5934101292141436873_n-787x1024.jpg 787w, http:\/\/biblioteka.witnica.pl\/wp-content\/uploads\/2023\/07\/359822534_621525846743348_5934101292141436873_n-231x300.jpg 231w, http:\/\/biblioteka.witnica.pl\/wp-content\/uploads\/2023\/07\/359822534_621525846743348_5934101292141436873_n-768x999.jpg 768w, http:\/\/biblioteka.witnica.pl\/wp-content\/uploads\/2023\/07\/359822534_621525846743348_5934101292141436873_n-192x250.jpg 192w, http:\/\/biblioteka.witnica.pl\/wp-content\/uploads\/2023\/07\/359822534_621525846743348_5934101292141436873_n.jpg 940w\" sizes=\"(max-width: 787px) 100vw, 787px\" \/><\/figure>\n<\/div>\n<\/div>\n\n\n\n<p>Dzie\u0144 II. Biblioteczne podchody. Trzy grupy \u2013 zielona, niebieska, czerwona, zmaga\u0142y si\u0119 z jedenastoma zadaniami, kt\u00f3re musia\u0142y wykona\u0107 w okre\u015blonym czasie. Uczestnicy wykazali si\u0119 wsp\u00f3\u0142prac\u0105, kreatywno\u015bci\u0105 i zaanga\u017cowaniem.<\/p>\n\n\n\n<div class=\"wp-block-columns alignwide are-vertically-aligned-center\">\n<div class=\"wp-block-column is-vertically-aligned-center\" style=\"flex-basis:21%\">\n<figure class=\"wp-block-image\"><img loading=\"lazy\" width=\"819\" height=\"1024\" src=\"http:\/\/biblioteka.witnica.pl\/wp-content\/uploads\/2023\/07\/360089869_622574246638508_7941112705032395348_n-819x1024.jpg\" alt=\"\" class=\"wp-image-2589\" srcset=\"http:\/\/biblioteka.witnica.pl\/wp-content\/uploads\/2023\/07\/360089869_622574246638508_7941112705032395348_n-819x1024.jpg 819w, http:\/\/biblioteka.witnica.pl\/wp-content\/uploads\/2023\/07\/360089869_622574246638508_7941112705032395348_n-240x300.jpg 240w, http:\/\/biblioteka.witnica.pl\/wp-content\/uploads\/2023\/07\/360089869_622574246638508_7941112705032395348_n-768x960.jpg 768w, http:\/\/biblioteka.witnica.pl\/wp-content\/uploads\/2023\/07\/360089869_622574246638508_7941112705032395348_n-1229x1536.jpg 1229w, http:\/\/biblioteka.witnica.pl\/wp-content\/uploads\/2023\/07\/360089869_622574246638508_7941112705032395348_n-200x250.jpg 200w, http:\/\/biblioteka.witnica.pl\/wp-content\/uploads\/2023\/07\/360089869_622574246638508_7941112705032395348_n.jpg 1638w\" sizes=\"(max-width: 819px) 100vw, 819px\" \/><\/figure>\n<\/div>\n\n\n\n<div class=\"wp-block-column is-vertically-aligned-center\" style=\"flex-basis:79%\">\n<p>Dzie\u0144 III. Wizyta w Strefie Odkrywania, Wyobra\u017ani i Aktywno\u015bci &#8222;SOWA&#8221;, w kt\u00f3rej pani Monika Pawlak zaprezentowa\u0142a dzieciom interaktywne eksponaty naukowe. Zaj\u0119cia odby\u0142y si\u0119 dzi\u0119ki \u017cyczliwo\u015bci i go\u015bcinno\u015bci Miejskiego Domu Kultury.<\/p>\n<\/div>\n<\/div>\n\n\n\n<div class=\"wp-block-columns alignwide are-vertically-aligned-center\">\n<div class=\"wp-block-column is-vertically-aligned-center\" style=\"flex-basis:83%\">\n<p>Dzie\u0144 IV. Warsztaty, kt\u00f3re poprowadzi\u0142a pani Iwona Konieczna-Marzec, pasjonatka zielarstwa. Na pocz\u0105tek wykona\u0142a napar z suszonych malin, macerat z mi\u0119ty i wody oraz pyszne \u017celki. Uczestnicy zaj\u0119\u0107 rozpoznawali nazwy suszonych zi\u00f3\u0142 oraz wykonywali przyprawy i musuj\u0105ce kule do k\u0105pieli. Wszystko na bazie naturalnych sk\u0142adnik\u00f3w!<\/p>\n<\/div>\n\n\n\n<div class=\"wp-block-column is-vertically-aligned-center\" style=\"flex-basis:17%\">\n<figure class=\"wp-block-image\"><img loading=\"lazy\" width=\"819\" height=\"1024\" src=\"http:\/\/biblioteka.witnica.pl\/wp-content\/uploads\/2023\/07\/360095313_623023219926944_8531482364188489070_n-819x1024.jpg\" alt=\"\" class=\"wp-image-2590\" srcset=\"http:\/\/biblioteka.witnica.pl\/wp-content\/uploads\/2023\/07\/360095313_623023219926944_8531482364188489070_n-819x1024.jpg 819w, http:\/\/biblioteka.witnica.pl\/wp-content\/uploads\/2023\/07\/360095313_623023219926944_8531482364188489070_n-240x300.jpg 240w, http:\/\/biblioteka.witnica.pl\/wp-content\/uploads\/2023\/07\/360095313_623023219926944_8531482364188489070_n-768x960.jpg 768w, http:\/\/biblioteka.witnica.pl\/wp-content\/uploads\/2023\/07\/360095313_623023219926944_8531482364188489070_n-1229x1536.jpg 1229w, http:\/\/biblioteka.witnica.pl\/wp-content\/uploads\/2023\/07\/360095313_623023219926944_8531482364188489070_n-200x250.jpg 200w, http:\/\/biblioteka.witnica.pl\/wp-content\/uploads\/2023\/07\/360095313_623023219926944_8531482364188489070_n.jpg 1638w\" sizes=\"(max-width: 819px) 100vw, 819px\" \/><\/figure>\n<\/div>\n<\/div>\n\n\n\n<div class=\"wp-block-columns alignwide are-vertically-aligned-center\">\n<div class=\"wp-block-column is-vertically-aligned-center\" style=\"flex-basis:50%\">\n<figure class=\"wp-block-image\"><img loading=\"lazy\" width=\"1024\" height=\"644\" src=\"http:\/\/biblioteka.witnica.pl\/wp-content\/uploads\/2023\/07\/362247830_623023773260222_720899254787806686_n-1024x644.jpg\" alt=\"\" class=\"wp-image-2591\" srcset=\"http:\/\/biblioteka.witnica.pl\/wp-content\/uploads\/2023\/07\/362247830_623023773260222_720899254787806686_n-1024x644.jpg 1024w, http:\/\/biblioteka.witnica.pl\/wp-content\/uploads\/2023\/07\/362247830_623023773260222_720899254787806686_n-300x189.jpg 300w, http:\/\/biblioteka.witnica.pl\/wp-content\/uploads\/2023\/07\/362247830_623023773260222_720899254787806686_n-768x483.jpg 768w, http:\/\/biblioteka.witnica.pl\/wp-content\/uploads\/2023\/07\/362247830_623023773260222_720899254787806686_n-1536x966.jpg 1536w, http:\/\/biblioteka.witnica.pl\/wp-content\/uploads\/2023\/07\/362247830_623023773260222_720899254787806686_n-352x221.jpg 352w, http:\/\/biblioteka.witnica.pl\/wp-content\/uploads\/2023\/07\/362247830_623023773260222_720899254787806686_n.jpg 1594w\" sizes=\"(max-width: 1024px) 100vw, 1024px\" \/><\/figure>\n<\/div>\n\n\n\n<div class=\"wp-block-column is-vertically-aligned-center\" style=\"flex-basis:50%\">\n<p>Na koniec powsta\u0142y obrazki z polnych kwiat\u00f3w i zi\u00f3\u0142 inspirowane osob\u0105 Elizy Orzeszkowej, kt\u00f3ra pasjonowa\u0142a si\u0119 zielarstwem. W tym roku tw\u00f3rczo\u015b\u0107 pisarki zostanie przypomniana i uhonorowana w czasie tegorocznego Narodowego Czytania.<\/p>\n<\/div>\n<\/div>\n\n\n\n<div class=\"wp-block-columns alignwide are-vertically-aligned-center\">\n<div class=\"wp-block-column is-vertically-aligned-center\" style=\"flex-basis:50%\">\n<p>Dzie\u0144 V. Budowa konstrukcji \u201eWitnica oczami dzieci\u201d za pomoc\u0105 klock\u00f3w Lego, przekazanych w darze przez czytelnika biblioteki Filipa Banaszkiewicza (serdeczne podzi\u0119kowania!)<\/p>\n<\/div>\n\n\n\n<div class=\"wp-block-column is-vertically-aligned-center\" style=\"flex-basis:50%\">\n<figure class=\"wp-block-image\"><img loading=\"lazy\" width=\"1024\" height=\"634\" src=\"http:\/\/biblioteka.witnica.pl\/wp-content\/uploads\/2023\/07\/362238736_623525509876715_606835681074781034_n-1024x634.jpg\" alt=\"\" class=\"wp-image-2592\" srcset=\"http:\/\/biblioteka.witnica.pl\/wp-content\/uploads\/2023\/07\/362238736_623525509876715_606835681074781034_n-1024x634.jpg 1024w, http:\/\/biblioteka.witnica.pl\/wp-content\/uploads\/2023\/07\/362238736_623525509876715_606835681074781034_n-300x186.jpg 300w, http:\/\/biblioteka.witnica.pl\/wp-content\/uploads\/2023\/07\/362238736_623525509876715_606835681074781034_n-768x475.jpg 768w, http:\/\/biblioteka.witnica.pl\/wp-content\/uploads\/2023\/07\/362238736_623525509876715_606835681074781034_n-1536x951.jpg 1536w, http:\/\/biblioteka.witnica.pl\/wp-content\/uploads\/2023\/07\/362238736_623525509876715_606835681074781034_n-352x218.jpg 352w, http:\/\/biblioteka.witnica.pl\/wp-content\/uploads\/2023\/07\/362238736_623525509876715_606835681074781034_n.jpg 1638w\" sizes=\"(max-width: 1024px) 100vw, 1024px\" \/><\/figure>\n<\/div>\n<\/div>\n\n\n\n<p>Bibliotekarki Iwona Budzianowska i Marcelina Szuciak dzi\u0119kuj\u0105 uczestnikom za aktywne, kreatywne uczestnictwo oraz dobr\u0105 zabaw\u0119 i wsp\u00f3\u0142prac\u0119.<\/p>\n\n\n<div class='sfsi_Sicons' style='width: 100%; display: inline-block; vertical-align: middle; text-align:left'><div style='margin:0px 8px 0px 0px; line-height: 24px'><span><\/span><\/div><div class='sfsi_socialwpr'><div class='sf_fb' style='text-align:left;vertical-align: middle;width:98px'><div class=\"fb-like\" href=\"http:\/\/biblioteka.witnica.pl\/?p=2587\" width=\"180\" send=\"false\" showfaces=\"false\"  action=\"like\" data-share=\"true\"data-layout=\"button\" ><\/div><\/div><\/div><\/div>","protected":false},"excerpt":{"rendered":"<p>Zako\u0144czy\u0142 si\u0119 pi\u0119ciodniowy cykl wakacyjnych zaj\u0119\u0107 dla dzieci. Ka\u017cdego dnia m\u0142odzi czytelnicy mogli rozwija\u0107 inne zainteresowania i talenty.<\/p>\n","protected":false},"author":2,"featured_media":2592,"comment_status":"open","ping_status":"open","sticky":false,"template":"","format":"standard","meta":[],"categories":[1],"tags":[],"_links":{"self":[{"href":"http:\/\/biblioteka.witnica.pl\/index.php?rest_route=\/wp\/v2\/posts\/2587"}],"collection":[{"href":"http:\/\/biblioteka.witnica.pl\/index.php?rest_route=\/wp\/v2\/posts"}],"about":[{"href":"http:\/\/biblioteka.witnica.pl\/index.php?rest_route=\/wp\/v2\/types\/post"}],"author":[{"embeddable":true,"href":"http:\/\/biblioteka.witnica.pl\/index.php?rest_route=\/wp\/v2\/users\/2"}],"replies":[{"embeddable":true,"href":"http:\/\/biblioteka.witnica.pl\/index.php?rest_route=%2Fwp%2Fv2%2Fcomments&post=2587"}],"version-history":[{"count":1,"href":"http:\/\/biblioteka.witnica.pl\/index.php?rest_route=\/wp\/v2\/posts\/2587\/revisions"}],"predecessor-version":[{"id":2593,"href":"http:\/\/biblioteka.witnica.pl\/index.php?rest_route=\/wp\/v2\/posts\/2587\/revisions\/2593"}],"wp:featuredmedia":[{"embeddable":true,"href":"http:\/\/biblioteka.witnica.pl\/index.php?rest_route=\/wp\/v2\/media\/2592"}],"wp:attachment":[{"href":"http:\/\/biblioteka.witnica.pl\/index.php?rest_route=%2Fwp%2Fv2%2Fmedia&parent=2587"}],"wp:term":[{"taxonomy":"category","embeddable":true,"href":"http:\/\/biblioteka.witnica.pl\/index.php?rest_route=%2Fwp%2Fv2%2Fcategories&post=2587"},{"taxonomy":"post_tag","embeddable":true,"href":"http:\/\/biblioteka.witnica.pl\/index.php?rest_route=%2Fwp%2Fv2%2Ftags&post=2587"}],"curies":[{"name":"wp","href":"https:\/\/api.w.org\/{rel}","templated":true}]}}