{"id":2043,"date":"2022-07-06T08:03:34","date_gmt":"2022-07-06T08:03:34","guid":{"rendered":"http:\/\/biblioteka.witnica.pl\/?p=2043"},"modified":"2022-07-06T08:07:14","modified_gmt":"2022-07-06T08:07:14","slug":"lokalnych-pocztowek-czar","status":"publish","type":"post","link":"http:\/\/biblioteka.witnica.pl\/?p=2043","title":{"rendered":"Lokalnych poczt\u00f3wek czar\u2026"},"content":{"rendered":"\n<p>Niedawno ukaza\u0142a si\u0119 ksi\u0105\u017cka-album autorstwa Zbigniewa Rudzi\u0144skiego \u201eGorzowskie widoki z przesz\u0142o\u015bci\u201d. Publikacja zawiera sto kilkadziesi\u0105t widok\u00f3wek wydanych przed 1945 r., kt\u00f3re przedstawiaj\u0105 miejsca le\u017c\u0105ce w dzisiejszym powiecie gorzowskim. Nale\u017c\u0105 one do m. i in. zbior\u00f3w autora, portalu polska-org.pl, Wojew\u00f3dzkiej i Miejskiej Biblioteki Publicznej w Gorzowie Wlkp., Miejskiej Biblioteki Publicznej w Witnicy i os\u00f3b prywatnych.<\/p>\n<p>Wiele poczt\u00f3wek prezentuje miejsca po\u0142o\u017cone na terenie obecnego Miasta i Gminy Witnica. Pochodz\u0105 one z kolekcji autora oraz Miejskiej Biblioteki Publicznej w Witnicy, Moniki Chomont, Krzysztofa Kuchni i Tadeusza Ziemlickiego.<\/p>\n<p>&nbsp;<\/p>\n\n\n\n<div class=\"wp-block-media-text alignwide has-media-on-the-right is-stacked-on-mobile\"><figure class=\"wp-block-media-text__media\"><img loading=\"lazy\" width=\"716\" height=\"1024\" src=\"http:\/\/biblioteka.witnica.pl\/wp-content\/uploads\/2022\/07\/Skan_20220614-\u2014-kopia-716x1024.jpg\" alt=\"\" class=\"wp-image-2045 size-full\" srcset=\"http:\/\/biblioteka.witnica.pl\/wp-content\/uploads\/2022\/07\/Skan_20220614-\u2014-kopia-716x1024.jpg 716w, http:\/\/biblioteka.witnica.pl\/wp-content\/uploads\/2022\/07\/Skan_20220614-\u2014-kopia-210x300.jpg 210w, http:\/\/biblioteka.witnica.pl\/wp-content\/uploads\/2022\/07\/Skan_20220614-\u2014-kopia-768x1098.jpg 768w, http:\/\/biblioteka.witnica.pl\/wp-content\/uploads\/2022\/07\/Skan_20220614-\u2014-kopia-175x250.jpg 175w, http:\/\/biblioteka.witnica.pl\/wp-content\/uploads\/2022\/07\/Skan_20220614-\u2014-kopia.jpg 946w\" sizes=\"(max-width: 716px) 100vw, 716px\" \/><\/figure><div class=\"wp-block-media-text__content\">\n<p>Ilustracje s\u0105 umieszczone alfabetycznie wed\u0142ug nazw geograficznych. Wszystkie zawieraj\u0105 opisy, kt\u00f3re podaj\u0105 czas powstania i wyja\u015bniaj\u0105, co dany obrazek przedstawia.<\/p>\n\n\n\n<p>Ide\u0119 wydania albumu najlepiej wyja\u015bnia przedmowa autora, w kt\u00f3rej czytamy:<\/p>\n\n\n\n<p class=\"has-regular-font-size\">\u201eWszelkie fantazje zwi\u0105zane z ide\u0105 <em>wehiku\u0142u czasu <\/em>wynikaj\u0105 z odwiecznego pragnienia cz\u0142owieka, aby pozna\u0107 nieznany sobie \u015bwiat, kt\u00f3ry przemin\u0105\u0142. T\u0119 ciekawo\u015b\u0107 w pewnym, cz\u0105stkowym wymiarze zaspokajaj\u0105 stare, archiwalne poczt\u00f3wki. Przegl\u0105daj\u0105c je stykamy si\u0119 z budowlami, kt\u00f3re nie przetrwa\u0142y wojen, po\u017car\u00f3w\u2026 Patrzymy w twarze ludzi, kt\u00f3rzy nie zachowali si\u0119 nawet we wspomnieniu. Poznajemy znane sobie miejsca na nowo, cz\u0119sto w formie budz\u0105cej zachwyt, zaskoczenie.<\/p>\n<\/div><\/div>\n\n\n\n<pre class=\"wp-block-verse has-regular-font-size\">Na wycieczce z takim albumem dotykamy historii w miejscu jej zaistnienia. To najwy\u017csza forma krajoznawstwa. To turystyka historyczna. Turystyka wymagaj\u0105ca w\u0119dr\u00f3wki, ale te\u017c wyobra\u017ani pobudzonej widokiem z przesz\u0142o\u015bci.\u201d\n\u201eGorzowskie widoki z przesz\u0142o\u015bci\u201d zosta\u0142y wydane jako tom pierwszy, wi\u0119c czekamy na nast\u0119pne prezentacje lokalnych poczt\u00f3wek. Wydawc\u0105 publikacji jest Oddzia\u0142 PTTK Ziemi Gorzowskiej. \n<\/pre>\n\n\n\n<div class=\"wp-block-media-text alignwide is-stacked-on-mobile\" style=\"grid-template-columns:20% auto\"><figure class=\"wp-block-media-text__media\"><img loading=\"lazy\" width=\"297\" height=\"322\" src=\"http:\/\/biblioteka.witnica.pl\/wp-content\/uploads\/2022\/07\/17761078_1354586311246634_2148948996913391139_o-1.jpg\" alt=\"\" class=\"wp-image-2047 size-full\" srcset=\"http:\/\/biblioteka.witnica.pl\/wp-content\/uploads\/2022\/07\/17761078_1354586311246634_2148948996913391139_o-1.jpg 297w, http:\/\/biblioteka.witnica.pl\/wp-content\/uploads\/2022\/07\/17761078_1354586311246634_2148948996913391139_o-1-277x300.jpg 277w, http:\/\/biblioteka.witnica.pl\/wp-content\/uploads\/2022\/07\/17761078_1354586311246634_2148948996913391139_o-1-231x250.jpg 231w\" sizes=\"(max-width: 297px) 100vw, 297px\" \/><\/figure><div class=\"wp-block-media-text__content\">\n<p class=\"has-regular-font-size\"><strong>Zbigniew Rudzi\u0144ski<\/strong> (ur. 1960), podr\u00f3\u017cnik, krajoznawca i alpinista, jest za\u0142o\u017cycielem i prezesem Oddzia\u0142u Polskiego Towarzystwa Turystyczno-Krajoznawczego Ziemni Gorzowskiej. Ma w dorobku wiele publikacji po\u015bwi\u0119conych turystyce i krajoznawstwu.<\/p>\n<\/div><\/div>\n\n\n\n<pre class=\"wp-block-verse\"><\/pre>\n<div class='sfsi_Sicons' style='width: 100%; display: inline-block; vertical-align: middle; text-align:left'><div style='margin:0px 8px 0px 0px; line-height: 24px'><span><\/span><\/div><div class='sfsi_socialwpr'><div class='sf_fb' style='text-align:left;vertical-align: middle;width:98px'><div class=\"fb-like\" href=\"http:\/\/biblioteka.witnica.pl\/?p=2043\" width=\"180\" send=\"false\" showfaces=\"false\"  action=\"like\" data-share=\"true\"data-layout=\"button\" ><\/div><\/div><\/div><\/div>","protected":false},"excerpt":{"rendered":"<p>Niedawno ukaza\u0142a si\u0119 ksi\u0105\u017cka-album autorstwa Zbigniewa Rudzi\u0144skiego \u201eGorzowskie widoki z przesz\u0142o\u015bci\u201d.<\/p>\n","protected":false},"author":2,"featured_media":2050,"comment_status":"open","ping_status":"open","sticky":false,"template":"","format":"standard","meta":[],"categories":[1,5,10],"tags":[17,62,63],"_links":{"self":[{"href":"http:\/\/biblioteka.witnica.pl\/index.php?rest_route=\/wp\/v2\/posts\/2043"}],"collection":[{"href":"http:\/\/biblioteka.witnica.pl\/index.php?rest_route=\/wp\/v2\/posts"}],"about":[{"href":"http:\/\/biblioteka.witnica.pl\/index.php?rest_route=\/wp\/v2\/types\/post"}],"author":[{"embeddable":true,"href":"http:\/\/biblioteka.witnica.pl\/index.php?rest_route=\/wp\/v2\/users\/2"}],"replies":[{"embeddable":true,"href":"http:\/\/biblioteka.witnica.pl\/index.php?rest_route=%2Fwp%2Fv2%2Fcomments&post=2043"}],"version-history":[{"count":3,"href":"http:\/\/biblioteka.witnica.pl\/index.php?rest_route=\/wp\/v2\/posts\/2043\/revisions"}],"predecessor-version":[{"id":2051,"href":"http:\/\/biblioteka.witnica.pl\/index.php?rest_route=\/wp\/v2\/posts\/2043\/revisions\/2051"}],"wp:featuredmedia":[{"embeddable":true,"href":"http:\/\/biblioteka.witnica.pl\/index.php?rest_route=\/wp\/v2\/media\/2050"}],"wp:attachment":[{"href":"http:\/\/biblioteka.witnica.pl\/index.php?rest_route=%2Fwp%2Fv2%2Fmedia&parent=2043"}],"wp:term":[{"taxonomy":"category","embeddable":true,"href":"http:\/\/biblioteka.witnica.pl\/index.php?rest_route=%2Fwp%2Fv2%2Fcategories&post=2043"},{"taxonomy":"post_tag","embeddable":true,"href":"http:\/\/biblioteka.witnica.pl\/index.php?rest_route=%2Fwp%2Fv2%2Ftags&post=2043"}],"curies":[{"name":"wp","href":"https:\/\/api.w.org\/{rel}","templated":true}]}}