{"id":1602,"date":"2021-12-14T09:38:58","date_gmt":"2021-12-14T09:38:58","guid":{"rendered":"http:\/\/biblioteka.witnica.pl\/?p=1602"},"modified":"2021-12-14T09:41:59","modified_gmt":"2021-12-14T09:41:59","slug":"nasi-najlepsi-recenzenci","status":"publish","type":"post","link":"http:\/\/biblioteka.witnica.pl\/?p=1602","title":{"rendered":"Nasi najlepsi recenzenci"},"content":{"rendered":"<p>Ka\u017cdego roku Wojew\u00f3dzka i Miejska Biblioteka Publiczna im. Z Herberta w Gorzowie Wlkp. organizuje konkurs na recenzj\u0119 \u201eMoje literackie fascynacje\u201d. W jego ostatniej, dziewi\u0105tej edycji uczestniczy\u0142o trzyna\u015bcioro reprezentant\u00f3w witnickiej biblioteki. Jury w sk\u0142adzie Danuta Zieli\u0144ska (przew.) i Zdzis\u0142awa Nowak nagrodzi\u0142o czworo z nich:<\/p>\n<p>W I kategorii wiekowej (do 14 roku \u017cycia):<\/p>\n<p>III miejsce zaj\u0119\u0142a Amelia Sajewicz z DKK D\u0105broszyn, uczennica Szko\u0142y Podstawowej w D\u0105broszynie, za recenzj\u0119 ksi\u0105\u017cki \u201ePierwsza na li\u015bcie\u201d Magdaleny Witkiewicz<\/p>\n<p><img loading=\"lazy\" class=\"alignnone size-medium wp-image-1603\" src=\"http:\/\/biblioteka.witnica.pl\/wp-content\/uploads\/2021\/12\/DKK-2021-dyplomy-\u2014-kopia-2-213x300.jpg\" alt=\"\" width=\"213\" height=\"300\" srcset=\"http:\/\/biblioteka.witnica.pl\/wp-content\/uploads\/2021\/12\/DKK-2021-dyplomy-\u2014-kopia-2-213x300.jpg 213w, http:\/\/biblioteka.witnica.pl\/wp-content\/uploads\/2021\/12\/DKK-2021-dyplomy-\u2014-kopia-2-768x1084.jpg 768w, http:\/\/biblioteka.witnica.pl\/wp-content\/uploads\/2021\/12\/DKK-2021-dyplomy-\u2014-kopia-2-726x1024.jpg 726w, http:\/\/biblioteka.witnica.pl\/wp-content\/uploads\/2021\/12\/DKK-2021-dyplomy-\u2014-kopia-2-177x250.jpg 177w, http:\/\/biblioteka.witnica.pl\/wp-content\/uploads\/2021\/12\/DKK-2021-dyplomy-\u2014-kopia-2.jpg 1162w\" sizes=\"(max-width: 213px) 100vw, 213px\" \/>\u00a0 <img loading=\"lazy\" class=\"alignnone wp-image-1607\" src=\"http:\/\/biblioteka.witnica.pl\/wp-content\/uploads\/2021\/12\/IMG_20211213_121737-300x225.jpg\" alt=\"\" width=\"397\" height=\"298\" srcset=\"http:\/\/biblioteka.witnica.pl\/wp-content\/uploads\/2021\/12\/IMG_20211213_121737-300x225.jpg 300w, http:\/\/biblioteka.witnica.pl\/wp-content\/uploads\/2021\/12\/IMG_20211213_121737-768x576.jpg 768w, http:\/\/biblioteka.witnica.pl\/wp-content\/uploads\/2021\/12\/IMG_20211213_121737-1024x768.jpg 1024w, http:\/\/biblioteka.witnica.pl\/wp-content\/uploads\/2021\/12\/IMG_20211213_121737-333x250.jpg 333w\" sizes=\"(max-width: 397px) 100vw, 397px\" \/><\/p>\n<p>&nbsp;<\/p>\n<p>W II kategorii wiekowej (od 15 do 19 lat):<\/p>\n<p>I miejsce zaj\u0119\u0142a Julia Dzikowska z DKK Witnica, uczennica Liceum Og\u00f3lnokszta\u0142c\u0105cego nr 1 w Gorzowie Wlkp., za recenzj\u0119 ksi\u0105\u017cki \u201eGoodbye Days\u201d Jeffa Zentera<\/p>\n<p><img loading=\"lazy\" class=\"alignnone size-medium wp-image-1605 aligncenter\" src=\"http:\/\/biblioteka.witnica.pl\/wp-content\/uploads\/2021\/12\/DKK-2021-dyplomy-\u2014-kopia-219x300.jpg\" alt=\"\" width=\"219\" height=\"300\" srcset=\"http:\/\/biblioteka.witnica.pl\/wp-content\/uploads\/2021\/12\/DKK-2021-dyplomy-\u2014-kopia-219x300.jpg 219w, http:\/\/biblioteka.witnica.pl\/wp-content\/uploads\/2021\/12\/DKK-2021-dyplomy-\u2014-kopia-768x1050.jpg 768w, http:\/\/biblioteka.witnica.pl\/wp-content\/uploads\/2021\/12\/DKK-2021-dyplomy-\u2014-kopia-749x1024.jpg 749w, http:\/\/biblioteka.witnica.pl\/wp-content\/uploads\/2021\/12\/DKK-2021-dyplomy-\u2014-kopia-183x250.jpg 183w, http:\/\/biblioteka.witnica.pl\/wp-content\/uploads\/2021\/12\/DKK-2021-dyplomy-\u2014-kopia.jpg 1171w\" sizes=\"(max-width: 219px) 100vw, 219px\" \/><\/p>\n<p>III miejsce zaj\u0105\u0142 Dorian Skrzypnik z DKK Witnica, ucze\u0144 Zespo\u0142u Szk\u00f3\u0142 Samorz\u0105dowych w \u00a0Witnicy, za recenzj\u0119 ksi\u0105\u017cki \u201eQuo vadis\u201d Henryka Sienkiewicza<\/p>\n<p><img loading=\"lazy\" class=\"alignnone size-medium wp-image-1606 aligncenter\" src=\"http:\/\/biblioteka.witnica.pl\/wp-content\/uploads\/2021\/12\/DKK-2021-dyplomy-214x300.jpg\" alt=\"\" width=\"214\" height=\"300\" srcset=\"http:\/\/biblioteka.witnica.pl\/wp-content\/uploads\/2021\/12\/DKK-2021-dyplomy-214x300.jpg 214w, http:\/\/biblioteka.witnica.pl\/wp-content\/uploads\/2021\/12\/DKK-2021-dyplomy-768x1076.jpg 768w, http:\/\/biblioteka.witnica.pl\/wp-content\/uploads\/2021\/12\/DKK-2021-dyplomy-731x1024.jpg 731w, http:\/\/biblioteka.witnica.pl\/wp-content\/uploads\/2021\/12\/DKK-2021-dyplomy-178x250.jpg 178w, http:\/\/biblioteka.witnica.pl\/wp-content\/uploads\/2021\/12\/DKK-2021-dyplomy.jpg 1149w\" sizes=\"(max-width: 214px) 100vw, 214px\" \/><\/p>\n<p>Wyr\u00f3\u017cniona zosta\u0142a Wiktoria Piotrowska z DKK Witnica, uczennica Szko\u0142y Podstawowej nr 2 im. J. Wybickiego w Witnicy, za recenzj\u0119 ksi\u0105\u017cki \u201eHanako \u2013 duch ze szkolnej toalety\u201d Tokuna Nozomi<\/p>\n<p><img loading=\"lazy\" class=\"size-medium wp-image-1604 aligncenter\" src=\"http:\/\/biblioteka.witnica.pl\/wp-content\/uploads\/2021\/12\/DKK-2021-dyplomy-\u2014-kopia-3-206x300.jpg\" alt=\"\" width=\"206\" height=\"300\" srcset=\"http:\/\/biblioteka.witnica.pl\/wp-content\/uploads\/2021\/12\/DKK-2021-dyplomy-\u2014-kopia-3-206x300.jpg 206w, http:\/\/biblioteka.witnica.pl\/wp-content\/uploads\/2021\/12\/DKK-2021-dyplomy-\u2014-kopia-3-768x1118.jpg 768w, http:\/\/biblioteka.witnica.pl\/wp-content\/uploads\/2021\/12\/DKK-2021-dyplomy-\u2014-kopia-3-704x1024.jpg 704w, http:\/\/biblioteka.witnica.pl\/wp-content\/uploads\/2021\/12\/DKK-2021-dyplomy-\u2014-kopia-3-172x250.jpg 172w, http:\/\/biblioteka.witnica.pl\/wp-content\/uploads\/2021\/12\/DKK-2021-dyplomy-\u2014-kopia-3.jpg 1127w\" sizes=\"(max-width: 206px) 100vw, 206px\" \/><\/p>\n<p>Laureaci oraz pozostali uczestnicy konkursu otrzymali od organizatora dyplomy gratulacyjne i karty prezentowe ksi\u0119garni Empik.<\/p>\n<p><img loading=\"lazy\" class=\"size-medium wp-image-1610 aligncenter\" src=\"http:\/\/biblioteka.witnica.pl\/wp-content\/uploads\/2021\/12\/DKK_2018_RGB_p_www-300x202.png\" alt=\"\" width=\"300\" height=\"202\" srcset=\"http:\/\/biblioteka.witnica.pl\/wp-content\/uploads\/2021\/12\/DKK_2018_RGB_p_www-300x202.png 300w, http:\/\/biblioteka.witnica.pl\/wp-content\/uploads\/2021\/12\/DKK_2018_RGB_p_www-768x518.png 768w, http:\/\/biblioteka.witnica.pl\/wp-content\/uploads\/2021\/12\/DKK_2018_RGB_p_www-1024x690.png 1024w, http:\/\/biblioteka.witnica.pl\/wp-content\/uploads\/2021\/12\/DKK_2018_RGB_p_www-352x237.png 352w, http:\/\/biblioteka.witnica.pl\/wp-content\/uploads\/2021\/12\/DKK_2018_RGB_p_www.png 1200w\" sizes=\"(max-width: 300px) 100vw, 300px\" \/><\/p>\n<div class='sfsi_Sicons' style='width: 100%; display: inline-block; vertical-align: middle; text-align:left'><div style='margin:0px 8px 0px 0px; line-height: 24px'><span><\/span><\/div><div class='sfsi_socialwpr'><div class='sf_fb' style='text-align:left;vertical-align: middle;width:98px'><div class=\"fb-like\" href=\"http:\/\/biblioteka.witnica.pl\/?p=1602\" width=\"180\" send=\"false\" showfaces=\"false\"  action=\"like\" data-share=\"true\"data-layout=\"button\" ><\/div><\/div><\/div><\/div>","protected":false},"excerpt":{"rendered":"<p>Ka\u017cdego roku Wojew\u00f3dzka i Miejska Biblioteka Publiczna im. Z Herberta w Gorzowie Wlkp. organizuje konkurs na recenzj\u0119 \u201eMoje literackie fascynacje\u201d. W jego ostatniej, dziewi\u0105tej edycji uczestniczy\u0142o trzyna\u015bcioro reprezentant\u00f3w witnickiej biblioteki. &hellip;<\/p>\n","protected":false},"author":2,"featured_media":1608,"comment_status":"open","ping_status":"open","sticky":false,"template":"","format":"standard","meta":[],"categories":[1,5],"tags":[],"_links":{"self":[{"href":"http:\/\/biblioteka.witnica.pl\/index.php?rest_route=\/wp\/v2\/posts\/1602"}],"collection":[{"href":"http:\/\/biblioteka.witnica.pl\/index.php?rest_route=\/wp\/v2\/posts"}],"about":[{"href":"http:\/\/biblioteka.witnica.pl\/index.php?rest_route=\/wp\/v2\/types\/post"}],"author":[{"embeddable":true,"href":"http:\/\/biblioteka.witnica.pl\/index.php?rest_route=\/wp\/v2\/users\/2"}],"replies":[{"embeddable":true,"href":"http:\/\/biblioteka.witnica.pl\/index.php?rest_route=%2Fwp%2Fv2%2Fcomments&post=1602"}],"version-history":[{"count":3,"href":"http:\/\/biblioteka.witnica.pl\/index.php?rest_route=\/wp\/v2\/posts\/1602\/revisions"}],"predecessor-version":[{"id":1612,"href":"http:\/\/biblioteka.witnica.pl\/index.php?rest_route=\/wp\/v2\/posts\/1602\/revisions\/1612"}],"wp:featuredmedia":[{"embeddable":true,"href":"http:\/\/biblioteka.witnica.pl\/index.php?rest_route=\/wp\/v2\/media\/1608"}],"wp:attachment":[{"href":"http:\/\/biblioteka.witnica.pl\/index.php?rest_route=%2Fwp%2Fv2%2Fmedia&parent=1602"}],"wp:term":[{"taxonomy":"category","embeddable":true,"href":"http:\/\/biblioteka.witnica.pl\/index.php?rest_route=%2Fwp%2Fv2%2Fcategories&post=1602"},{"taxonomy":"post_tag","embeddable":true,"href":"http:\/\/biblioteka.witnica.pl\/index.php?rest_route=%2Fwp%2Fv2%2Ftags&post=1602"}],"curies":[{"name":"wp","href":"https:\/\/api.w.org\/{rel}","templated":true}]}}