{"id":1595,"date":"2021-12-14T08:12:46","date_gmt":"2021-12-14T08:12:46","guid":{"rendered":"http:\/\/biblioteka.witnica.pl\/?p=1595"},"modified":"2021-12-14T08:13:46","modified_gmt":"2021-12-14T08:13:46","slug":"na-regionalnej-polce","status":"publish","type":"post","link":"http:\/\/biblioteka.witnica.pl\/?p=1595","title":{"rendered":"Na regionalnej p\u00f3\u0142ce"},"content":{"rendered":"<p>Niedawno ukaza\u0142y si\u0119 cztery pozycje ksi\u0105\u017ckowe, kt\u00f3re w ca\u0142o\u015bci lub cz\u0119\u015bciowo s\u0105 po\u015bwi\u0119cone naszemu miastu. Warte s\u0105 przedstawienia Czytelnikowi, bo s\u0105 ciekawe i pi\u0119knie wydane.<\/p>\n<p><strong>\u201eAlfabet gorzowski\u201d<\/strong><\/p>\n<p>Albumowa ksi\u0105\u017cka Zbigniewa Rudzi\u0144skiego zosta\u0142a wydana przez Oddzia\u0142 PTTK Ziemi Gorzowskiej. Jak czytamy we wst\u0119pie \u201eR\u00f3\u017cnorodno\u015b\u0107 to s\u0142owo klucz dla okre\u015blenia powiatu gorzowskiego. Warta \u2013 wielka rzeka \u2013 zasilana wodami malowniczych, meandruj\u0105cych potok\u00f3w i strumieni jak Santoczna, Witna, Przy\u0142\u0119\u017cek czy Srebrna. Rozleg\u0142e szachownice p\u00f3l na nizinach ogl\u0105dane z kraw\u0119dzi wzg\u00f3rz wysoczyzny poro\u015bni\u0119tej setkami hektar\u00f3w wiekowych buk\u00f3w, d\u0119b\u00f3w, grab\u00f3w, wi\u0105z\u00f3w, jesion\u00f3w i sosen. Historia od pocz\u0105tk\u00f3w polskiej pa\u0144stwowo\u015bci w Santoku po \u015blady zag\u0142ady miasta w czasie II wojny \u015bwiatowej w Kostrzynie.\u201d<\/p>\n<p><img loading=\"lazy\" class=\"size-medium wp-image-1596 aligncenter\" src=\"http:\/\/biblioteka.witnica.pl\/wp-content\/uploads\/2021\/12\/Skan_20211202-4-300x213.jpg\" alt=\"\" width=\"300\" height=\"213\" srcset=\"http:\/\/biblioteka.witnica.pl\/wp-content\/uploads\/2021\/12\/Skan_20211202-4-300x213.jpg 300w, http:\/\/biblioteka.witnica.pl\/wp-content\/uploads\/2021\/12\/Skan_20211202-4-768x546.jpg 768w, http:\/\/biblioteka.witnica.pl\/wp-content\/uploads\/2021\/12\/Skan_20211202-4-1024x728.jpg 1024w, http:\/\/biblioteka.witnica.pl\/wp-content\/uploads\/2021\/12\/Skan_20211202-4-352x250.jpg 352w\" sizes=\"(max-width: 300px) 100vw, 300px\" \/><\/p>\n<p>Ksi\u0105\u017cka jest napisana przyst\u0119pnym, gaw\u0119dziarskim j\u0119zykiem. Niedawno &#8222;Alfabet Gorzowski&#8221; otrzyma\u0142 nagrod\u0119 publiczno\u015bci` na Og\u00f3lnopolskim Przegl\u0105dzie Ksi\u0105\u017cki Krajoznawczej i Turystycznej.<\/p>\n<p><strong>\u201eKto opowie nasze losy?\u201d<\/strong><\/p>\n<p>Ksi\u0105\u017cka jest dwuj\u0119zyczna (polsko-niemiecka), a zosta\u0142a wydana przez Polsko-Niemieckie Stowarzyszenie \u201eEducatio Pro Europa Viadrina\u201d. Opowiada o historii witnickich \u017byd\u00f3w oraz Dniach Kultury \u017bydowskiej organizowanych ka\u017cdego roku w naszym mie\u015bcie.<\/p>\n<p><img loading=\"lazy\" class=\"size-medium wp-image-1597 aligncenter\" src=\"http:\/\/biblioteka.witnica.pl\/wp-content\/uploads\/2021\/12\/Skan_20211202-3-213x300.jpg\" alt=\"\" width=\"213\" height=\"300\" srcset=\"http:\/\/biblioteka.witnica.pl\/wp-content\/uploads\/2021\/12\/Skan_20211202-3-213x300.jpg 213w, http:\/\/biblioteka.witnica.pl\/wp-content\/uploads\/2021\/12\/Skan_20211202-3-768x1082.jpg 768w, http:\/\/biblioteka.witnica.pl\/wp-content\/uploads\/2021\/12\/Skan_20211202-3-727x1024.jpg 727w, http:\/\/biblioteka.witnica.pl\/wp-content\/uploads\/2021\/12\/Skan_20211202-3-177x250.jpg 177w, http:\/\/biblioteka.witnica.pl\/wp-content\/uploads\/2021\/12\/Skan_20211202-3.jpg 1641w\" sizes=\"(max-width: 213px) 100vw, 213px\" \/><\/p>\n<p>S\u0142owo wst\u0119pne zamie\u015bci\u0142y autorki koncepcji Gra\u017cyna Aloksa, Catherine Griefenow-Mewis i Miros\u0142awa Jach. Zbigniew Czarnuch przywo\u0142a\u0142 wspomnienia z rodzinnego Lututowa, w kt\u00f3rym \u017cy\u0142a znacz\u0105ca spo\u0142eczno\u015b\u0107 starozakonnych obywateli. Kolejne rozdzia\u0142u opowiadaj\u0105 o inicjatywach edukacyjnych zwi\u0105zanych z histori\u0105 i kultur\u0105 \u017byd\u00f3w oraz kolejnych edycjach Dni Kultury \u017bydowskiej. Doktor Jakub Stefek jest autorem rozdzia\u0142u po\u015bwi\u0119conego muzyce synagogalnej. Teksty Wolfganga Stammwitza traktuj\u0105 o zamieszkuj\u0105cej Vietz (Witnic\u0119) mniejszo\u015bci \u017cydowskiej. Ich autor pracuje nad dziejami 72. \u017cydowskich rodzin, kt\u00f3re by\u0142y zwi\u0105zane z Witnic\u0105. By\u0107 mo\u017ce b\u0119d\u0105 one kiedy\u015b wydane w osobnym tomie.<\/p>\n<p><strong>\u00a0\u201eMi\u0119dzy niebem a ziemi\u0105 \u2013 ksi\u0105\u017cka pe\u0142na cud\u00f3w\u201d<\/strong><\/p>\n<p>Wydawnictwo powsta\u0142o z okazji dziesi\u0119ciolecia Fundacji Mi\u0119dzy Niebem a Ziemi\u0105, kt\u00f3ra zajmuje si\u0119 pomoc\u0105 nieuleczalnie chorym dzieciom. Jej za\u0142o\u017cycielk\u0105 i autork\u0105 ksi\u0105\u017cki jest Sylwia Zarzycka, kt\u00f3ra w \u201eZako\u0144czeniu\u201d napisa\u0142a:<\/p>\n<p>\u201eMy\u015bl\u0119, \u017ce nikt z nas nie jest na tej ziemi bez powodu. Ka\u017cdy ma do wype\u0142nienia jaki\u015b plan. Najtrudniejsze jednak jest to, aby t\u0119 w\u0142a\u015bciw\u0105 dla siebie drog\u0119 odnale\u017a\u0107. Niekiedy znajdujemy je wykonuj\u0105c \u015bwiadome dzia\u0142ania, pr\u00f3buj\u0105c r\u00f3\u017cnych rzeczy, podejmuj\u0105c si\u0119 wielu zaj\u0119\u0107. Czasami jednak pewne sytuacje wydarzaj\u0105 si\u0119 w spos\u00f3b od nas niezale\u017cny. Spotykamy ludzi, dzi\u0119ki kt\u00f3rym odnajdujemy sw\u00f3j cel, albo pojawiaj\u0105 si\u0119 okoliczno\u015bci, kt\u00f3re naprowadzaj\u0105 nas na w\u0142a\u015bciw\u0105 drog\u0119. (\u2026) Moj\u0105 drog\u0105 \u017cyciow\u0105 w ostatnich dziesi\u0119ciu latach by\u0142a Fundacja Mi\u0119dzy Niebem a Ziemi\u0105. Ogrom czasu i pasji, kt\u00f3ry jej po\u015bwi\u0119ci\u0142am doprowadzi\u0142 do tego, \u017ce z pomys\u0142u, kt\u00f3ry \u201eniechc\u0105cy\u201d pojawi\u0142 si\u0119 w mojej g\u0142owie, powsta\u0142a profesjonalnie dzia\u0142aj\u0105ca organizacja pomocowa.\u201d<\/p>\n<p><img loading=\"lazy\" class=\"size-medium wp-image-1598 aligncenter\" src=\"http:\/\/biblioteka.witnica.pl\/wp-content\/uploads\/2021\/12\/Skan_20211202-2-238x300.jpg\" alt=\"\" width=\"238\" height=\"300\" srcset=\"http:\/\/biblioteka.witnica.pl\/wp-content\/uploads\/2021\/12\/Skan_20211202-2-238x300.jpg 238w, http:\/\/biblioteka.witnica.pl\/wp-content\/uploads\/2021\/12\/Skan_20211202-2-768x967.jpg 768w, http:\/\/biblioteka.witnica.pl\/wp-content\/uploads\/2021\/12\/Skan_20211202-2-814x1024.jpg 814w, http:\/\/biblioteka.witnica.pl\/wp-content\/uploads\/2021\/12\/Skan_20211202-2-199x250.jpg 199w, http:\/\/biblioteka.witnica.pl\/wp-content\/uploads\/2021\/12\/Skan_20211202-2.jpg 1675w\" sizes=\"(max-width: 238px) 100vw, 238px\" \/><\/p>\n<p>Sylwia Zarzycka jest prawniczk\u0105. Pochodzi z Witnicy. Nasze miasteczko zajmuje wiele miejsca w prologu do jej ksi\u0105\u017cki. Wspomina w nim m. in. szko\u0142\u0119, zaj\u0119cia sportowe i wyst\u0119py artystyczne z zespo\u0142em \u201eWr\u00f3belki\u201d prowadzonym przez Zbigniewa Czarnucha.<\/p>\n<p><strong>Praca i pasja<\/strong><\/p>\n<p>Taki tytu\u0142 nosi zbi\u00f3r wywiad\u00f3w Moniki Simonjetz, kierownika Dzia\u0142u Bada\u0144 i Analiz Wojew\u00f3dzkiej i Miejskiej Biblioteki Publicznej im. C. Norwida w Zielonej G\u00f3rze. Jej rozm\u00f3wcami s\u0105 bibliotekarze mieszkaj\u0105cy i pracuj\u0105cy w r\u00f3\u017cnych regionach Polski.<\/p>\n<p><img loading=\"lazy\" class=\"size-medium wp-image-1599 aligncenter\" src=\"http:\/\/biblioteka.witnica.pl\/wp-content\/uploads\/2021\/12\/1637578976.2453-213x300.jpg\" alt=\"\" width=\"213\" height=\"300\" srcset=\"http:\/\/biblioteka.witnica.pl\/wp-content\/uploads\/2021\/12\/1637578976.2453-213x300.jpg 213w, http:\/\/biblioteka.witnica.pl\/wp-content\/uploads\/2021\/12\/1637578976.2453-177x250.jpg 177w, http:\/\/biblioteka.witnica.pl\/wp-content\/uploads\/2021\/12\/1637578976.2453.jpg 369w\" sizes=\"(max-width: 213px) 100vw, 213px\" \/><\/p>\n<p>Jednym z przepytywanych jest W\u0142adys\u0142aw Wr\u00f3blewski, dyrektor Miejskiej Biblioteki Publicznej w Witnicy. Rozmowa nosi tytu\u0142 \u201eBiblioteka nie jest samotn\u0105 wysp\u0105\u201d, kt\u00f3ry najlepiej oddaje jego spojrzenie na miejsce instytucji kultury w \u015brodowisku. Rozmowa dotyczy\u0142a m. in. dzia\u0142alno\u015bci animatorskiej biblioteki przed i w czasie epidemii, informatyzacji zbior\u00f3w oraz tw\u00f3rczo\u015bci bajkopisarskiej.<\/p>\n<p>Wszystkie wydawnictwa zosta\u0142y wydrukowane na dobrym papierze i maj\u0105 bogat\u0105 szat\u0119 graficzn\u0105.<\/p>\n<div class='sfsi_Sicons' style='width: 100%; display: inline-block; vertical-align: middle; text-align:left'><div style='margin:0px 8px 0px 0px; line-height: 24px'><span><\/span><\/div><div class='sfsi_socialwpr'><div class='sf_fb' style='text-align:left;vertical-align: middle;width:98px'><div class=\"fb-like\" href=\"http:\/\/biblioteka.witnica.pl\/?p=1595\" width=\"180\" send=\"false\" showfaces=\"false\"  action=\"like\" data-share=\"true\"data-layout=\"button\" ><\/div><\/div><\/div><\/div>","protected":false},"excerpt":{"rendered":"<p>Niedawno ukaza\u0142y si\u0119 cztery pozycje ksi\u0105\u017ckowe, kt\u00f3re w ca\u0142o\u015bci lub cz\u0119\u015bciowo s\u0105 po\u015bwi\u0119cone naszemu miastu. Warte s\u0105 przedstawienia Czytelnikowi, bo s\u0105 ciekawe i pi\u0119knie wydane. \u201eAlfabet gorzowski\u201d Albumowa ksi\u0105\u017cka Zbigniewa &hellip;<\/p>\n","protected":false},"author":2,"featured_media":1596,"comment_status":"open","ping_status":"open","sticky":false,"template":"","format":"standard","meta":[],"categories":[1,5],"tags":[],"_links":{"self":[{"href":"http:\/\/biblioteka.witnica.pl\/index.php?rest_route=\/wp\/v2\/posts\/1595"}],"collection":[{"href":"http:\/\/biblioteka.witnica.pl\/index.php?rest_route=\/wp\/v2\/posts"}],"about":[{"href":"http:\/\/biblioteka.witnica.pl\/index.php?rest_route=\/wp\/v2\/types\/post"}],"author":[{"embeddable":true,"href":"http:\/\/biblioteka.witnica.pl\/index.php?rest_route=\/wp\/v2\/users\/2"}],"replies":[{"embeddable":true,"href":"http:\/\/biblioteka.witnica.pl\/index.php?rest_route=%2Fwp%2Fv2%2Fcomments&post=1595"}],"version-history":[{"count":2,"href":"http:\/\/biblioteka.witnica.pl\/index.php?rest_route=\/wp\/v2\/posts\/1595\/revisions"}],"predecessor-version":[{"id":1601,"href":"http:\/\/biblioteka.witnica.pl\/index.php?rest_route=\/wp\/v2\/posts\/1595\/revisions\/1601"}],"wp:featuredmedia":[{"embeddable":true,"href":"http:\/\/biblioteka.witnica.pl\/index.php?rest_route=\/wp\/v2\/media\/1596"}],"wp:attachment":[{"href":"http:\/\/biblioteka.witnica.pl\/index.php?rest_route=%2Fwp%2Fv2%2Fmedia&parent=1595"}],"wp:term":[{"taxonomy":"category","embeddable":true,"href":"http:\/\/biblioteka.witnica.pl\/index.php?rest_route=%2Fwp%2Fv2%2Fcategories&post=1595"},{"taxonomy":"post_tag","embeddable":true,"href":"http:\/\/biblioteka.witnica.pl\/index.php?rest_route=%2Fwp%2Fv2%2Ftags&post=1595"}],"curies":[{"name":"wp","href":"https:\/\/api.w.org\/{rel}","templated":true}]}}