{"id":1589,"date":"2021-12-01T08:26:06","date_gmt":"2021-12-01T08:26:06","guid":{"rendered":"http:\/\/biblioteka.witnica.pl\/?p=1589"},"modified":"2021-12-01T08:26:06","modified_gmt":"2021-12-01T08:26:06","slug":"nowosci-w-bibliotece","status":"publish","type":"post","link":"http:\/\/biblioteka.witnica.pl\/?p=1589","title":{"rendered":"Nowo\u015bci w bibliotece"},"content":{"rendered":"<p><img loading=\"lazy\" class=\"alignnone size-medium wp-image-1590\" src=\"http:\/\/biblioteka.witnica.pl\/wp-content\/uploads\/2021\/12\/Nowo\u015bci-2-225x300.jpg\" alt=\"\" width=\"225\" height=\"300\" srcset=\"http:\/\/biblioteka.witnica.pl\/wp-content\/uploads\/2021\/12\/Nowo\u015bci-2-225x300.jpg 225w, http:\/\/biblioteka.witnica.pl\/wp-content\/uploads\/2021\/12\/Nowo\u015bci-2-768x1024.jpg 768w, http:\/\/biblioteka.witnica.pl\/wp-content\/uploads\/2021\/12\/Nowo\u015bci-2-188x250.jpg 188w\" sizes=\"(max-width: 225px) 100vw, 225px\" \/><\/p>\n<p>Miejska Biblioteka Publiczna w Witnicy uczestniczy w \u201eNarodowym Programie Rozwoju Czytelnictwa 2.0. na lata 2021-2025. Priorytet 1 &#8211; Poprawa oferty bibliotek publicznych\u201d. Przyznana przez Bibliotek\u0119 Narodow\u0105 kwota 7893 z\u0142 (plus wk\u0142ad w\u0142asny) zosta\u0142a w ca\u0142o\u015bci przeznaczona na zakup nowo\u015bci wydawniczych. Przewa\u017caj\u0105 w\u015br\u00f3d nich powie\u015bci obyczajowe i krymina\u0142y, a tak\u017ce biografie i ksi\u0105\u017cki historyczne. Bibliotekarze pami\u0119taj\u0105 r\u00f3wnie\u017c o potrzebach dzieci i nastolatk\u00f3w.<\/p>\n<p><img loading=\"lazy\" class=\"alignnone size-medium wp-image-1591\" src=\"http:\/\/biblioteka.witnica.pl\/wp-content\/uploads\/2021\/12\/Nowo\u015bci-3-300x171.jpg\" alt=\"\" width=\"300\" height=\"171\" srcset=\"http:\/\/biblioteka.witnica.pl\/wp-content\/uploads\/2021\/12\/Nowo\u015bci-3-300x171.jpg 300w, http:\/\/biblioteka.witnica.pl\/wp-content\/uploads\/2021\/12\/Nowo\u015bci-3-768x437.jpg 768w, http:\/\/biblioteka.witnica.pl\/wp-content\/uploads\/2021\/12\/Nowo\u015bci-3-1024x583.jpg 1024w, http:\/\/biblioteka.witnica.pl\/wp-content\/uploads\/2021\/12\/Nowo\u015bci-3-352x200.jpg 352w, http:\/\/biblioteka.witnica.pl\/wp-content\/uploads\/2021\/12\/Nowo\u015bci-3.jpg 1922w\" sizes=\"(max-width: 300px) 100vw, 300px\" \/><\/p>\n<p>Ksi\u0105\u017cki s\u0105 na bie\u017c\u0105co opracowywane, ok\u0142adane i oddawane do dyspozycji Czytelnik\u00f3w.<\/p>\n<div class='sfsi_Sicons' style='width: 100%; display: inline-block; vertical-align: middle; text-align:left'><div style='margin:0px 8px 0px 0px; line-height: 24px'><span><\/span><\/div><div class='sfsi_socialwpr'><div class='sf_fb' style='text-align:left;vertical-align: middle;width:98px'><div class=\"fb-like\" href=\"http:\/\/biblioteka.witnica.pl\/?p=1589\" width=\"180\" send=\"false\" showfaces=\"false\"  action=\"like\" data-share=\"true\"data-layout=\"button\" ><\/div><\/div><\/div><\/div>","protected":false},"excerpt":{"rendered":"<p>Miejska Biblioteka Publiczna w Witnicy uczestniczy w \u201eNarodowym Programie Rozwoju Czytelnictwa 2.0. na lata 2021-2025. Priorytet 1 &#8211; Poprawa oferty bibliotek publicznych\u201d. Przyznana przez Bibliotek\u0119 Narodow\u0105 kwota 7893 z\u0142 (plus &hellip;<\/p>\n","protected":false},"author":2,"featured_media":1591,"comment_status":"open","ping_status":"open","sticky":false,"template":"","format":"standard","meta":[],"categories":[1],"tags":[],"_links":{"self":[{"href":"http:\/\/biblioteka.witnica.pl\/index.php?rest_route=\/wp\/v2\/posts\/1589"}],"collection":[{"href":"http:\/\/biblioteka.witnica.pl\/index.php?rest_route=\/wp\/v2\/posts"}],"about":[{"href":"http:\/\/biblioteka.witnica.pl\/index.php?rest_route=\/wp\/v2\/types\/post"}],"author":[{"embeddable":true,"href":"http:\/\/biblioteka.witnica.pl\/index.php?rest_route=\/wp\/v2\/users\/2"}],"replies":[{"embeddable":true,"href":"http:\/\/biblioteka.witnica.pl\/index.php?rest_route=%2Fwp%2Fv2%2Fcomments&post=1589"}],"version-history":[{"count":1,"href":"http:\/\/biblioteka.witnica.pl\/index.php?rest_route=\/wp\/v2\/posts\/1589\/revisions"}],"predecessor-version":[{"id":1593,"href":"http:\/\/biblioteka.witnica.pl\/index.php?rest_route=\/wp\/v2\/posts\/1589\/revisions\/1593"}],"wp:featuredmedia":[{"embeddable":true,"href":"http:\/\/biblioteka.witnica.pl\/index.php?rest_route=\/wp\/v2\/media\/1591"}],"wp:attachment":[{"href":"http:\/\/biblioteka.witnica.pl\/index.php?rest_route=%2Fwp%2Fv2%2Fmedia&parent=1589"}],"wp:term":[{"taxonomy":"category","embeddable":true,"href":"http:\/\/biblioteka.witnica.pl\/index.php?rest_route=%2Fwp%2Fv2%2Fcategories&post=1589"},{"taxonomy":"post_tag","embeddable":true,"href":"http:\/\/biblioteka.witnica.pl\/index.php?rest_route=%2Fwp%2Fv2%2Ftags&post=1589"}],"curies":[{"name":"wp","href":"https:\/\/api.w.org\/{rel}","templated":true}]}}