{"id":1564,"date":"2021-09-01T13:25:26","date_gmt":"2021-09-01T13:25:26","guid":{"rendered":"http:\/\/biblioteka.witnica.pl\/?p=1564"},"modified":"2021-09-01T13:26:49","modified_gmt":"2021-09-01T13:26:49","slug":"kreatywne-wakacje-w-bibliotece","status":"publish","type":"post","link":"http:\/\/biblioteka.witnica.pl\/?p=1564","title":{"rendered":"Kreatywne wakacje w bibliotece"},"content":{"rendered":"<p>\u201eWszystko co dobre, szybko si\u0119 ko\u0144czy \u201d \u2013 zw\u0142aszcza kreatywne tygodnie z witnick\u0105 bibliotek\u0105 !<\/p>\n<p><img loading=\"lazy\" class=\"size-medium wp-image-1565 aligncenter\" src=\"http:\/\/biblioteka.witnica.pl\/wp-content\/uploads\/2021\/09\/240728083_4444099935682619_8734516599648392838_n-198x300.jpg\" alt=\"\" width=\"198\" height=\"300\" srcset=\"http:\/\/biblioteka.witnica.pl\/wp-content\/uploads\/2021\/09\/240728083_4444099935682619_8734516599648392838_n-198x300.jpg 198w, http:\/\/biblioteka.witnica.pl\/wp-content\/uploads\/2021\/09\/240728083_4444099935682619_8734516599648392838_n-165x250.jpg 165w, http:\/\/biblioteka.witnica.pl\/wp-content\/uploads\/2021\/09\/240728083_4444099935682619_8734516599648392838_n.jpg 531w\" sizes=\"(max-width: 198px) 100vw, 198px\" \/><\/p>\n<p>&nbsp;<\/p>\n<p>W okresie wakacyjnym Miejska Biblioteka Publiczna w Witnicy zorganizowa\u0142a 10 spotka\u0144 w ramach cyklu \u201eTydzie\u0144 z bibliotek\u0105\u201d. By\u0142y to spotkania dla dzieci w wieku 7-10 lat.<\/p>\n<p><img loading=\"lazy\" class=\"size-medium wp-image-1569 aligncenter\" src=\"http:\/\/biblioteka.witnica.pl\/wp-content\/uploads\/2021\/09\/239460302_4437828136309799_8780136892882335928_n-300x225.jpg\" alt=\"\" width=\"300\" height=\"225\" srcset=\"http:\/\/biblioteka.witnica.pl\/wp-content\/uploads\/2021\/09\/239460302_4437828136309799_8780136892882335928_n-300x225.jpg 300w, http:\/\/biblioteka.witnica.pl\/wp-content\/uploads\/2021\/09\/239460302_4437828136309799_8780136892882335928_n-768x576.jpg 768w, http:\/\/biblioteka.witnica.pl\/wp-content\/uploads\/2021\/09\/239460302_4437828136309799_8780136892882335928_n-333x250.jpg 333w, http:\/\/biblioteka.witnica.pl\/wp-content\/uploads\/2021\/09\/239460302_4437828136309799_8780136892882335928_n.jpg 960w\" sizes=\"(max-width: 300px) 100vw, 300px\" \/><\/p>\n<p>W lipcu program zawiera\u0142 m.in. zaj\u0119cia regionalne \u201eWirtualny spacer po Witnicy w towarzystwie robota Photona\u201d. Uczestnicy spr\u00f3bowali swoich si\u0142 na warsztatach teatralnych z japo\u0144skim teatrzykiem kamishibai i zaj\u0119ciach opartych o gr\u0119 komputerow\u0105 Minecraft. Lepili te\u017c figurki z masy solnej i tworzyli slime.<\/p>\n<p><img loading=\"lazy\" class=\"size-medium wp-image-1570 aligncenter\" src=\"http:\/\/biblioteka.witnica.pl\/wp-content\/uploads\/2021\/09\/240384783_4437826769643269_5465899732736792510_n-300x199.jpg\" alt=\"\" width=\"300\" height=\"199\" srcset=\"http:\/\/biblioteka.witnica.pl\/wp-content\/uploads\/2021\/09\/240384783_4437826769643269_5465899732736792510_n-300x199.jpg 300w, http:\/\/biblioteka.witnica.pl\/wp-content\/uploads\/2021\/09\/240384783_4437826769643269_5465899732736792510_n-768x510.jpg 768w, http:\/\/biblioteka.witnica.pl\/wp-content\/uploads\/2021\/09\/240384783_4437826769643269_5465899732736792510_n-352x234.jpg 352w, http:\/\/biblioteka.witnica.pl\/wp-content\/uploads\/2021\/09\/240384783_4437826769643269_5465899732736792510_n.jpg 806w\" sizes=\"(max-width: 300px) 100vw, 300px\" \/><\/p>\n<p>Sierpniowy cykl po\u015bwi\u0119cony by\u0142 pracom manualnym. M\u0142odzi arty\u015bci wykonywali rze\u017aby z gliny, tworzyli solne obrazki postaci z Mincecraft, akwaria z karton\u00f3w po butach. Nie zabrak\u0142o zabawy przy pracy nad slime z brokatem, gniotkiem czy bil\u0105. Ka\u017cdy uczestnik mia\u0142 mo\u017cliwo\u015b\u0107 wykonania \u201eg\u0105bkorobota\u201d. \u00a0Opr\u00f3cz tego dzieci mog\u0142y mi\u0142o sp\u0119dzi\u0107 czas, czytaj\u0105c ksi\u0105\u017cki, rysuj\u0105c kred\u0105 po chodniku, wsp\u00f3\u0142pracuj\u0105c ze sob\u0105 w zabawie animacyjn\u0105 chust\u0105 Klanzy czy pog\u0142\u0119biaj\u0105c swoj\u0105 wiedz\u0119 z zakresu gry komputerowej Minecraft.<\/p>\n<p>Na zako\u0144czenie najm\u0142odsi otrzymali dyplom uczestnictwa ze s\u0142odkim upominkiem.<\/p>\n<p><strong>Biblioteczni podr\u00f3\u017cnicy z D\u0105broszyna<\/strong><\/p>\n<p>Filia w D\u0105broszynie r\u00f3wnie\u017c zorganizowa\u0142a urozmaicone zaj\u0119cia wakacyjne. Ich \u00a0najwa\u017cniejsz\u0105 cz\u0119\u015bci\u0105 by\u0142 Klub M\u0142odego Podr\u00f3\u017cnika, kt\u00f3ry prowadzi\u0142a zaprzyja\u017aniona z bibliotek\u0105 podr\u00f3\u017cniczka pani Iza, prowadz\u0105ca facebookowy profil \u201eBianka i jej podr\u00f3\u017ce\u201d. Opowiada\u0142a dzieciom o \u201eNowej Ameryce\u201d, kt\u00f3r\u0105, Fryderyk Wielki mia\u0142 obieca\u0107 swoim podw\u0142adnym nad Wart\u0105. Jeszcze do 1945 r. wioski \u201eNowej Ameryki\u201d nosi\u0142y oryginalne \u201eameryka\u0144skie\u201d nazwy. By\u0142a tu i Pensylwania (obecnie Polne), Maryland (Marianki), Hampshire (Budzigniew), Saratoga (Zaszczytowo), Florida (Sadowice) czy Louisa (Przemys\u0142aw). Do dzi\u015b z tego egzotycznego zastawu przetrwa\u0142a jedynie Malta.<\/p>\n<p><img loading=\"lazy\" class=\"size-medium wp-image-1567 aligncenter\" src=\"http:\/\/biblioteka.witnica.pl\/wp-content\/uploads\/2021\/09\/239190404_4192641880772932_4507152314042697013_n-300x300.jpg\" alt=\"\" width=\"300\" height=\"300\" srcset=\"http:\/\/biblioteka.witnica.pl\/wp-content\/uploads\/2021\/09\/239190404_4192641880772932_4507152314042697013_n-300x300.jpg 300w, http:\/\/biblioteka.witnica.pl\/wp-content\/uploads\/2021\/09\/239190404_4192641880772932_4507152314042697013_n-150x150.jpg 150w, http:\/\/biblioteka.witnica.pl\/wp-content\/uploads\/2021\/09\/239190404_4192641880772932_4507152314042697013_n-768x768.jpg 768w, http:\/\/biblioteka.witnica.pl\/wp-content\/uploads\/2021\/09\/239190404_4192641880772932_4507152314042697013_n-250x250.jpg 250w, http:\/\/biblioteka.witnica.pl\/wp-content\/uploads\/2021\/09\/239190404_4192641880772932_4507152314042697013_n.jpg 960w\" sizes=\"(max-width: 300px) 100vw, 300px\" \/><\/p>\n<p>Innym razem m\u0142odzi podr\u00f3\u017cnicy wys\u0142uchali opowie\u015bci o niesamowitym du\u0144skim mie\u015bcie Billund, to tam znajduje si\u0119 za\u0142o\u017cona przez Ole Kirk Christiansena firma zabawkarska LEGO, Legoland oraz LEGO House (centrum rozrywki i do\u015bwiadcze\u0144).<\/p>\n<p><img loading=\"lazy\" class=\"size-medium wp-image-1568 aligncenter\" src=\"http:\/\/biblioteka.witnica.pl\/wp-content\/uploads\/2021\/09\/239328224_4196186593751794_5332518371247577521_n-300x225.jpg\" alt=\"\" width=\"300\" height=\"225\" srcset=\"http:\/\/biblioteka.witnica.pl\/wp-content\/uploads\/2021\/09\/239328224_4196186593751794_5332518371247577521_n-300x225.jpg 300w, http:\/\/biblioteka.witnica.pl\/wp-content\/uploads\/2021\/09\/239328224_4196186593751794_5332518371247577521_n-768x576.jpg 768w, http:\/\/biblioteka.witnica.pl\/wp-content\/uploads\/2021\/09\/239328224_4196186593751794_5332518371247577521_n-333x250.jpg 333w, http:\/\/biblioteka.witnica.pl\/wp-content\/uploads\/2021\/09\/239328224_4196186593751794_5332518371247577521_n.jpg 960w\" sizes=\"(max-width: 300px) 100vw, 300px\" \/><\/p>\n<p>Ju\u017c dzisiaj bibliotekarze zapraszaj\u0105 na zimowy cykl spotka\u0144 \u201e Ferie w bibliotece\u201d.<\/p>\n<p>&nbsp;<\/p>\n<div class='sfsi_Sicons' style='width: 100%; display: inline-block; vertical-align: middle; text-align:left'><div style='margin:0px 8px 0px 0px; line-height: 24px'><span><\/span><\/div><div class='sfsi_socialwpr'><div class='sf_fb' style='text-align:left;vertical-align: middle;width:98px'><div class=\"fb-like\" href=\"http:\/\/biblioteka.witnica.pl\/?p=1564\" width=\"180\" send=\"false\" showfaces=\"false\"  action=\"like\" data-share=\"true\"data-layout=\"button\" ><\/div><\/div><\/div><\/div>","protected":false},"excerpt":{"rendered":"<p>\u201eWszystko co dobre, szybko si\u0119 ko\u0144czy \u201d \u2013 zw\u0142aszcza kreatywne tygodnie z witnick\u0105 bibliotek\u0105 ! &nbsp; W okresie wakacyjnym Miejska Biblioteka Publiczna w Witnicy zorganizowa\u0142a 10 spotka\u0144 w ramach cyklu &hellip;<\/p>\n","protected":false},"author":2,"featured_media":1566,"comment_status":"open","ping_status":"open","sticky":false,"template":"","format":"standard","meta":[],"categories":[1,7],"tags":[],"_links":{"self":[{"href":"http:\/\/biblioteka.witnica.pl\/index.php?rest_route=\/wp\/v2\/posts\/1564"}],"collection":[{"href":"http:\/\/biblioteka.witnica.pl\/index.php?rest_route=\/wp\/v2\/posts"}],"about":[{"href":"http:\/\/biblioteka.witnica.pl\/index.php?rest_route=\/wp\/v2\/types\/post"}],"author":[{"embeddable":true,"href":"http:\/\/biblioteka.witnica.pl\/index.php?rest_route=\/wp\/v2\/users\/2"}],"replies":[{"embeddable":true,"href":"http:\/\/biblioteka.witnica.pl\/index.php?rest_route=%2Fwp%2Fv2%2Fcomments&post=1564"}],"version-history":[{"count":2,"href":"http:\/\/biblioteka.witnica.pl\/index.php?rest_route=\/wp\/v2\/posts\/1564\/revisions"}],"predecessor-version":[{"id":1572,"href":"http:\/\/biblioteka.witnica.pl\/index.php?rest_route=\/wp\/v2\/posts\/1564\/revisions\/1572"}],"wp:featuredmedia":[{"embeddable":true,"href":"http:\/\/biblioteka.witnica.pl\/index.php?rest_route=\/wp\/v2\/media\/1566"}],"wp:attachment":[{"href":"http:\/\/biblioteka.witnica.pl\/index.php?rest_route=%2Fwp%2Fv2%2Fmedia&parent=1564"}],"wp:term":[{"taxonomy":"category","embeddable":true,"href":"http:\/\/biblioteka.witnica.pl\/index.php?rest_route=%2Fwp%2Fv2%2Fcategories&post=1564"},{"taxonomy":"post_tag","embeddable":true,"href":"http:\/\/biblioteka.witnica.pl\/index.php?rest_route=%2Fwp%2Fv2%2Ftags&post=1564"}],"curies":[{"name":"wp","href":"https:\/\/api.w.org\/{rel}","templated":true}]}}