{"id":1556,"date":"2021-07-07T11:18:10","date_gmt":"2021-07-07T11:18:10","guid":{"rendered":"http:\/\/biblioteka.witnica.pl\/?p=1556"},"modified":"2021-07-07T11:18:10","modified_gmt":"2021-07-07T11:18:10","slug":"witniczanie-napisali-i-przeczytali-sto-razy","status":"publish","type":"post","link":"http:\/\/biblioteka.witnica.pl\/?p=1556","title":{"rendered":"Witniczanie napisali i przeczytali sto razy!"},"content":{"rendered":"<p>projekt Miejskiej Biblioteki Publicznej w Witnicy i zaprzyja\u017anionych instytucji<\/p>\n<p>Przedstawiciele miejscowej spo\u0142eczno\u015bci czytaj\u0105 fragmenty ksi\u0105\u017cek witnickich autor\u00f3w. Nagrania publikuje na Facebooku Miejska Biblioteka Publiczna w Witnicy. Termin \u201ewitnicki autor\u201d jest traktowany szeroko. Obejmuje on wszystkie pisz\u0105ce osoby, kt\u00f3re kiedykolwiek mieszka\u0142y na terenie dzisiejszego Miasta i Gminy Witnica. Bibliotekarki Marcelina Szuciak i Barbara Orszewska montuj\u0105 nades\u0142ane filmiki i zamieszczaj\u0105 w Internecie. Celem projektu \u201eWitniczanie pisz\u0105 \u2013 witniczanie czytaj\u0105\u201d jest promocja lokalnej tw\u00f3rczo\u015bci literackiej \u2013 od tw\u00f3rczo\u015bci dla dzieci przez literatur\u0119 pi\u0119kn\u0105 dla doros\u0142ych po prace niebeletrystyczne.<\/p>\n<p><img loading=\"lazy\" class=\"alignnone size-medium wp-image-1558\" src=\"http:\/\/biblioteka.witnica.pl\/wp-content\/uploads\/2021\/07\/Dariusz-Jaworski-300x213.jpg\" alt=\"\" width=\"300\" height=\"213\" srcset=\"http:\/\/biblioteka.witnica.pl\/wp-content\/uploads\/2021\/07\/Dariusz-Jaworski-300x213.jpg 300w, http:\/\/biblioteka.witnica.pl\/wp-content\/uploads\/2021\/07\/Dariusz-Jaworski-768x545.jpg 768w, http:\/\/biblioteka.witnica.pl\/wp-content\/uploads\/2021\/07\/Dariusz-Jaworski-352x250.jpg 352w, http:\/\/biblioteka.witnica.pl\/wp-content\/uploads\/2021\/07\/Dariusz-Jaworski.jpg 781w\" sizes=\"(max-width: 300px) 100vw, 300px\" \/><img loading=\"lazy\" class=\"alignnone  wp-image-1561\" src=\"http:\/\/biblioteka.witnica.pl\/wp-content\/uploads\/2021\/07\/Natalia-Dachnowska-300x184.jpg\" alt=\"\" width=\"347\" height=\"213\" srcset=\"http:\/\/biblioteka.witnica.pl\/wp-content\/uploads\/2021\/07\/Natalia-Dachnowska-300x184.jpg 300w, http:\/\/biblioteka.witnica.pl\/wp-content\/uploads\/2021\/07\/Natalia-Dachnowska-768x470.jpg 768w, http:\/\/biblioteka.witnica.pl\/wp-content\/uploads\/2021\/07\/Natalia-Dachnowska-352x216.jpg 352w, http:\/\/biblioteka.witnica.pl\/wp-content\/uploads\/2021\/07\/Natalia-Dachnowska.jpg 983w\" sizes=\"(max-width: 347px) 100vw, 347px\" \/><\/p>\n<p>&nbsp;<\/p>\n<p>Pierwsza by\u0142a \u015bwie\u017co wydana ksi\u0105\u017cka \u201eYoung power\u201d Justyny Sucheckiej. Jej fragment przeczyta\u0142 ucze\u0144 Szko\u0142y Podstawowej w D\u0105broszynie Antoni Suchecki (zbie\u017cno\u015b\u0107 nazwisk przypadkowa). Na setnym filmiku burmistrz Dariusz Edward Jaworski zaprezentowa\u0142 jeszcze pachn\u0105c\u0105 farb\u0105 drukarsk\u0105 powie\u015b\u0107 Alfreda Szklarskiego i witniczanina Macieja Dudziaka \u201eTomek na Alasce\u201d. Jest ona kontynuacj\u0105 kultowej serii o przygodach Tomka Wilmowskiego. Odwiedzaj\u0105cy biblioteczny profil na FB mogli si\u0119 te\u017c przedpremierowo zapozna\u0107 z ksi\u0105\u017ck\u0105 Zbigniewa Czarnucha \u201eNa nich mo\u017cna polega\u0107. Rzecz o po\u017carnictwie w og\u00f3le, a o stra\u017cakach witnickich w szczeg\u00f3lno\u015bci&#8221;.<\/p>\n<p><img loading=\"lazy\" class=\"alignnone size-medium wp-image-1560\" src=\"http:\/\/biblioteka.witnica.pl\/wp-content\/uploads\/2021\/07\/Julia-Kotecka-225x300.jpg\" alt=\"\" width=\"225\" height=\"300\" srcset=\"http:\/\/biblioteka.witnica.pl\/wp-content\/uploads\/2021\/07\/Julia-Kotecka-225x300.jpg 225w, http:\/\/biblioteka.witnica.pl\/wp-content\/uploads\/2021\/07\/Julia-Kotecka-187x250.jpg 187w, http:\/\/biblioteka.witnica.pl\/wp-content\/uploads\/2021\/07\/Julia-Kotecka.jpg 418w\" sizes=\"(max-width: 225px) 100vw, 225px\" \/><img loading=\"lazy\" class=\"alignnone size-medium wp-image-1559\" src=\"http:\/\/biblioteka.witnica.pl\/wp-content\/uploads\/2021\/07\/Julia-Antkiewicz-183x300.jpg\" alt=\"\" width=\"183\" height=\"300\" srcset=\"http:\/\/biblioteka.witnica.pl\/wp-content\/uploads\/2021\/07\/Julia-Antkiewicz-183x300.jpg 183w, http:\/\/biblioteka.witnica.pl\/wp-content\/uploads\/2021\/07\/Julia-Antkiewicz-153x250.jpg 153w, http:\/\/biblioteka.witnica.pl\/wp-content\/uploads\/2021\/07\/Julia-Antkiewicz.jpg 266w\" sizes=\"(max-width: 183px) 100vw, 183px\" \/><\/p>\n<p>Jednak s\u0105dz\u0105c z repertuaru, najwi\u0119kszym powodzeniem witniczan cieszy si\u0119 tw\u00f3rczo\u015b\u0107 niedawno zmar\u0142ej Zofii Sobolewskiej, autorki bezpretensjonalnych wierszy o \u017cyciu i mi\u0142o\u015bci. Wielu lektor\u00f3w wybra\u0142o r\u00f3wnie\u017c proz\u0119 Ireny Dowgielewicz i wiersze dla dzieci W\u0142adys\u0142awa Wr\u00f3blewskiego.<\/p>\n<p><strong>\u00a0\u201eBiblioteczna filmoteka\u201d<\/strong><\/p>\n<p><img loading=\"lazy\" class=\"alignnone size-medium wp-image-1557\" src=\"http:\/\/biblioteka.witnica.pl\/wp-content\/uploads\/2021\/07\/CA\u0141Y-300x265.jpg\" alt=\"\" width=\"300\" height=\"265\" srcset=\"http:\/\/biblioteka.witnica.pl\/wp-content\/uploads\/2021\/07\/CA\u0141Y-300x265.jpg 300w, http:\/\/biblioteka.witnica.pl\/wp-content\/uploads\/2021\/07\/CA\u0141Y-768x679.jpg 768w, http:\/\/biblioteka.witnica.pl\/wp-content\/uploads\/2021\/07\/CA\u0141Y-1024x906.jpg 1024w, http:\/\/biblioteka.witnica.pl\/wp-content\/uploads\/2021\/07\/CA\u0141Y-283x250.jpg 283w, http:\/\/biblioteka.witnica.pl\/wp-content\/uploads\/2021\/07\/CA\u0141Y.jpg 1626w\" sizes=\"(max-width: 300px) 100vw, 300px\" \/><\/p>\n<p>Dodatkowym po\u017cytkiem projektu jest promocja gminy i aktywizacja czytelnik\u00f3w od lat kilku do osiemdziesi\u0119ciu kilku. Reprezentowali oni dwana\u015bcie zaprzyja\u017anionych z bibliotek\u0105 instytucji:<\/p>\n<p>Urz\u0105d Miasta i Gminy Witnica oraz Rad\u0119 Miejsk\u0105,<\/p>\n<p>Cztery szko\u0142y podstawowe: z Witnicy, D\u0105broszyna i Kamienia Wielkiego<\/p>\n<p>Zesp\u00f3\u0142 Szk\u00f3\u0142 Samorz\u0105dowych w Witnicy<\/p>\n<p>Dom Dziennego Pobytu Senior Wigor<\/p>\n<p>Dom Pomocy Spo\u0142ecznej w Kamieniu Wielkim<\/p>\n<p>\u015arodowiskowy Dom Samopomocy w Witnicy<\/p>\n<p>Sekcj\u0119 \u017bywego S\u0142owa Uniwersytetu Trzeciego Wieku<\/p>\n<p>Zesp\u00f3\u0142 muzyczny \u201eCantores\u201d. Ci ostatni wyst\u0105pili w niedawno zaprojektowanych strojach ludowych w barwach witnickiego herbu.<\/p>\n<p>Odzew przeszed\u0142 oczekiwania organizator\u00f3w, kt\u00f3rzy nawet nie musieli d\u0142ugo namawia\u0107 witniczan do przy\u0142\u0105czenia si\u0119 do projektu. To dowodzi, \u017ce w trudnym pandemicznym czasie istnieje potrzeba aktywno\u015bci kulturalnej, zrobienia czego\u015b wsp\u00f3lnie, zaprezentowania si\u0119. Cho\u0107 oczywi\u015bcie Internet nie zast\u0105pi kontaktu z pisarzem twarz\u0105 twarz. Oby biblioteka jak najpr\u0119dzej wr\u00f3ci\u0142a do normalnych spotka\u0144 autorskich i wyk\u0142ad\u00f3w. Takie s\u0105 zgodne oczekiwania Czytelnik\u00f3w i bibliotekarzy.<\/p>\n<p>A projekt \u201eWitniczanie pisz\u0105 \u2013 witniczanie czytaj\u0105\u201d trwa nadal.<\/p>\n<p>&nbsp;<\/p>\n<div class='sfsi_Sicons' style='width: 100%; display: inline-block; vertical-align: middle; text-align:left'><div style='margin:0px 8px 0px 0px; line-height: 24px'><span><\/span><\/div><div class='sfsi_socialwpr'><div class='sf_fb' style='text-align:left;vertical-align: middle;width:98px'><div class=\"fb-like\" href=\"http:\/\/biblioteka.witnica.pl\/?p=1556\" width=\"180\" send=\"false\" showfaces=\"false\"  action=\"like\" data-share=\"true\"data-layout=\"button\" ><\/div><\/div><\/div><\/div>","protected":false},"excerpt":{"rendered":"<p>projekt Miejskiej Biblioteki Publicznej w Witnicy i zaprzyja\u017anionych instytucji Przedstawiciele miejscowej spo\u0142eczno\u015bci czytaj\u0105 fragmenty ksi\u0105\u017cek witnickich autor\u00f3w. Nagrania publikuje na Facebooku Miejska Biblioteka Publiczna w Witnicy. Termin \u201ewitnicki autor\u201d jest &hellip;<\/p>\n","protected":false},"author":2,"featured_media":0,"comment_status":"open","ping_status":"open","sticky":false,"template":"","format":"standard","meta":[],"categories":[1,7,5],"tags":[],"_links":{"self":[{"href":"http:\/\/biblioteka.witnica.pl\/index.php?rest_route=\/wp\/v2\/posts\/1556"}],"collection":[{"href":"http:\/\/biblioteka.witnica.pl\/index.php?rest_route=\/wp\/v2\/posts"}],"about":[{"href":"http:\/\/biblioteka.witnica.pl\/index.php?rest_route=\/wp\/v2\/types\/post"}],"author":[{"embeddable":true,"href":"http:\/\/biblioteka.witnica.pl\/index.php?rest_route=\/wp\/v2\/users\/2"}],"replies":[{"embeddable":true,"href":"http:\/\/biblioteka.witnica.pl\/index.php?rest_route=%2Fwp%2Fv2%2Fcomments&post=1556"}],"version-history":[{"count":1,"href":"http:\/\/biblioteka.witnica.pl\/index.php?rest_route=\/wp\/v2\/posts\/1556\/revisions"}],"predecessor-version":[{"id":1562,"href":"http:\/\/biblioteka.witnica.pl\/index.php?rest_route=\/wp\/v2\/posts\/1556\/revisions\/1562"}],"wp:attachment":[{"href":"http:\/\/biblioteka.witnica.pl\/index.php?rest_route=%2Fwp%2Fv2%2Fmedia&parent=1556"}],"wp:term":[{"taxonomy":"category","embeddable":true,"href":"http:\/\/biblioteka.witnica.pl\/index.php?rest_route=%2Fwp%2Fv2%2Fcategories&post=1556"},{"taxonomy":"post_tag","embeddable":true,"href":"http:\/\/biblioteka.witnica.pl\/index.php?rest_route=%2Fwp%2Fv2%2Ftags&post=1556"}],"curies":[{"name":"wp","href":"https:\/\/api.w.org\/{rel}","templated":true}]}}