{"id":1470,"date":"2020-12-13T07:57:15","date_gmt":"2020-12-13T07:57:15","guid":{"rendered":"http:\/\/biblioteka.witnica.pl\/?p=1470"},"modified":"2020-12-13T08:09:04","modified_gmt":"2020-12-13T08:09:04","slug":"witniczanka-laureatka-grand-press","status":"publish","type":"post","link":"http:\/\/biblioteka.witnica.pl\/?p=1470","title":{"rendered":"Witniczanka laureatk\u0105 \u201eGrand Press\u201d"},"content":{"rendered":"<p><span style=\"font-family: Times New Roman, serif;\">Pochodz\u0105ca z Witnicy dziennikarka Tvn24.pl Justyna Suchecka (wcze\u015bniej \u201eGazeta Wyborcza\u201d) zosta\u0142a laureatk\u0105 nagrody \u201eGrand Press\u201d. Jest ona przyznawana od 1997 r. przez og\u00f3lnopolski miesi\u0119cznik dziennikarski miesi\u0119cznik \u201ePress\u201d<\/span><span style=\"font-family: Times New Roman, serif;\"> najlepszym polskim dziennikarzom prasy, radia i telewizji.<\/span><\/p>\n<p><span style=\"font-family: Times New Roman, serif;\"><img loading=\"lazy\" class=\"alignnone size-medium wp-image-1265\" src=\"http:\/\/biblioteka.witnica.pl\/wp-content\/uploads\/2020\/04\/91746075_148481693218616_2453068823058710528_n-Kopia-2-300x217.jpg\" alt=\"\" width=\"300\" height=\"217\" srcset=\"http:\/\/biblioteka.witnica.pl\/wp-content\/uploads\/2020\/04\/91746075_148481693218616_2453068823058710528_n-Kopia-2-300x217.jpg 300w, http:\/\/biblioteka.witnica.pl\/wp-content\/uploads\/2020\/04\/91746075_148481693218616_2453068823058710528_n-Kopia-2-346x250.jpg 346w, http:\/\/biblioteka.witnica.pl\/wp-content\/uploads\/2020\/04\/91746075_148481693218616_2453068823058710528_n-Kopia-2.jpg 587w\" sizes=\"(max-width: 300px) 100vw, 300px\" \/><\/span><\/p>\n<p><span style=\"font-family: Times New Roman, serif;\">W tym roku w kategorii \u201edziennikarstwo specjalistyczne\u201d uhonorowano \u201eTysi\u0105ce dzieci wypad\u0142o z systemu. Gdzie ich szuka\u0107\u201d? autorstwa witniczanki. Jury uzna\u0142o ten materia\u0142 za \u201ewielow\u0105tkowy, dog\u0142\u0119bny raport o bol\u0105czkach polskiej szko\u0142y w czasie pandemii\u201d. <\/span><\/p>\n<p><span style=\"color: #000000;\"><span style=\"font-family: Times New Roman, serif;\"><span style=\"font-size: medium;\">W kwietniu pani Justyna by\u0142a go\u015bciem facebookowej grupy \u201eCzytamy! \u2013 kwarantanna z ksi\u0105\u017ck\u0105\u201d, prowadzonej przez Miejsk\u0105 Bibliotek\u0119 Publiczn\u0105 w Witnicy. Na przedpremierowym spotkaniu autorskim online opowiada\u0142a o swojej ksi\u0105\u017cce \u201eYoung power! 30 historii o tym, jak m\u0142odzi zmieniaj\u0105 \u015bwiat\u201d. Wydawnictwo po\u015bwi\u0119cone jest nastolatkom, kt\u00f3rzy wybijaj\u0105 si\u0119 w r\u00f3\u017cnych dziedzinach nauki, kultury, sportu oraz w dzia\u0142alno\u015bci spo\u0142ecznej. <\/span><\/span><\/span><\/p>\n<p><span style=\"color: #000000;\"><span style=\"font-family: Times New Roman, serif;\"><span style=\"font-size: medium;\">Warto doda\u0107, \u017ce w ramach tego samego cyklu autorskich z witnickimi czytelnikami spotka\u0142 si\u0119 r\u00f3wnie\u017c Szymon Jadczak. Go\u015b\u0107 \u201eKwarantanny z pisarzem, r\u00f3wnie\u017c dziennikarz <\/span><\/span><\/span><span style=\"font-family: Times New Roman, serif;\">Tvn24.pl , <\/span><span style=\"color: #000000;\"><span style=\"font-family: Times New Roman, serif;\"><span style=\"font-size: medium;\">zdoby\u0142 w tegorocznej edycji \u201eGrand Press\u201d nagrod\u0119 w kategorii \u201eNews\u201d.<\/span><\/span><\/span><\/p>\n<div class='sfsi_Sicons' style='width: 100%; display: inline-block; vertical-align: middle; text-align:left'><div style='margin:0px 8px 0px 0px; line-height: 24px'><span><\/span><\/div><div class='sfsi_socialwpr'><div class='sf_fb' style='text-align:left;vertical-align: middle;width:98px'><div class=\"fb-like\" href=\"http:\/\/biblioteka.witnica.pl\/?p=1470\" width=\"180\" send=\"false\" showfaces=\"false\"  action=\"like\" data-share=\"true\"data-layout=\"button\" ><\/div><\/div><\/div><\/div>","protected":false},"excerpt":{"rendered":"<p>Pochodz\u0105ca z Witnicy dziennikarka Tvn24.pl Justyna Suchecka (wcze\u015bniej \u201eGazeta Wyborcza\u201d) zosta\u0142a laureatk\u0105 nagrody \u201eGrand Press\u201d. Jest ona przyznawana od 1997 r. przez og\u00f3lnopolski miesi\u0119cznik dziennikarski miesi\u0119cznik \u201ePress\u201d najlepszym polskim dziennikarzom &hellip;<\/p>\n","protected":false},"author":2,"featured_media":1383,"comment_status":"open","ping_status":"open","sticky":false,"template":"","format":"standard","meta":[],"categories":[1,5],"tags":[],"_links":{"self":[{"href":"http:\/\/biblioteka.witnica.pl\/index.php?rest_route=\/wp\/v2\/posts\/1470"}],"collection":[{"href":"http:\/\/biblioteka.witnica.pl\/index.php?rest_route=\/wp\/v2\/posts"}],"about":[{"href":"http:\/\/biblioteka.witnica.pl\/index.php?rest_route=\/wp\/v2\/types\/post"}],"author":[{"embeddable":true,"href":"http:\/\/biblioteka.witnica.pl\/index.php?rest_route=\/wp\/v2\/users\/2"}],"replies":[{"embeddable":true,"href":"http:\/\/biblioteka.witnica.pl\/index.php?rest_route=%2Fwp%2Fv2%2Fcomments&post=1470"}],"version-history":[{"count":2,"href":"http:\/\/biblioteka.witnica.pl\/index.php?rest_route=\/wp\/v2\/posts\/1470\/revisions"}],"predecessor-version":[{"id":1472,"href":"http:\/\/biblioteka.witnica.pl\/index.php?rest_route=\/wp\/v2\/posts\/1470\/revisions\/1472"}],"wp:featuredmedia":[{"embeddable":true,"href":"http:\/\/biblioteka.witnica.pl\/index.php?rest_route=\/wp\/v2\/media\/1383"}],"wp:attachment":[{"href":"http:\/\/biblioteka.witnica.pl\/index.php?rest_route=%2Fwp%2Fv2%2Fmedia&parent=1470"}],"wp:term":[{"taxonomy":"category","embeddable":true,"href":"http:\/\/biblioteka.witnica.pl\/index.php?rest_route=%2Fwp%2Fv2%2Fcategories&post=1470"},{"taxonomy":"post_tag","embeddable":true,"href":"http:\/\/biblioteka.witnica.pl\/index.php?rest_route=%2Fwp%2Fv2%2Ftags&post=1470"}],"curies":[{"name":"wp","href":"https:\/\/api.w.org\/{rel}","templated":true}]}}