{"id":1460,"date":"2020-12-06T13:24:31","date_gmt":"2020-12-06T13:24:31","guid":{"rendered":"http:\/\/biblioteka.witnica.pl\/?p=1460"},"modified":"2020-12-06T17:32:22","modified_gmt":"2020-12-06T17:32:22","slug":"recenzenci-z-witnicy-i-dabroszyna-nagrodzeni","status":"publish","type":"post","link":"http:\/\/biblioteka.witnica.pl\/?p=1460","title":{"rendered":"Recenzenci z Witnicy i D\u0105broszyna nagrodzeni"},"content":{"rendered":"<p>Dziewi\u0119\u0107 nagr\u00f3d i wyr\u00f3\u017cnie\u0144 zdobyli reprezentanci Miejskiej Biblioteki Publicznej w Witnicy w VIII Konkursie na Recenzj\u0119 Ksi\u0105\u017cki \u201eMoje literackie fascynacje\u201d. Jego organizatorem jest Wojew\u00f3dzka i Miejska Biblioteka Publiczna im. Z. Herberta w Gorzowie Wlkp. Jak ka\u017cdego roku uczestniczyli w nim czytelnicy-cz\u0142onkowie Dyskusyjnych Klub\u00f3w Ksi\u0105\u017cki, dzia\u0142aj\u0105cych przy witnickiej bibliotece. W\u015br\u00f3d nich nagrodzeni i wyr\u00f3\u017cnieni zostali:<\/p>\n<p><img loading=\"lazy\" class=\"alignnone size-medium wp-image-1461\" src=\"http:\/\/biblioteka.witnica.pl\/wp-content\/uploads\/2020\/12\/Do-14-300x259.jpg\" alt=\"\" width=\"300\" height=\"259\" srcset=\"http:\/\/biblioteka.witnica.pl\/wp-content\/uploads\/2020\/12\/Do-14-300x259.jpg 300w, http:\/\/biblioteka.witnica.pl\/wp-content\/uploads\/2020\/12\/Do-14-768x664.jpg 768w, http:\/\/biblioteka.witnica.pl\/wp-content\/uploads\/2020\/12\/Do-14-1024x885.jpg 1024w, http:\/\/biblioteka.witnica.pl\/wp-content\/uploads\/2020\/12\/Do-14-289x250.jpg 289w\" sizes=\"(max-width: 300px) 100vw, 300px\" \/><\/p>\n<p><b>W kategorii czytelnik\u00f3w do lat 14:<\/b><\/p>\n<p>I miejsce Hanna Dzikowska z DKK w Witnicy, uczennica Szko\u0142y Podstawowej nr 2 im. J. Wybickiego w Witnicy za recenzj\u0119 ksi\u0105\u017cki \u201eSzukaj\u0105c Alaski\u201d Johna Greena,<\/p>\n<p>II miejsce Gabriela Budzianowska z DKK w D\u0105broszynie, uczennica Szko\u0142y Podstawowej w D\u0105broszynie za recenzj\u0119 ksi\u0105\u017cki \u201eOpowie\u015bci z Narni\u201d S. C. Lewisa,<\/p>\n<p>III miejsce Antoni Suchecki z DKK w D\u0105broszynie, ucze\u0144 Szko\u0142y Podstawowej w D\u0105broszynie za recenzj\u0119 ksi\u0105\u017cki \u201eSzklane dzieci\u201d Kristiny Ohlsson.<\/p>\n<p>Wyr\u00f3\u017cnieni zostali:<\/p>\n<p>Amelia Sajewicz z DKK w D\u0105broszynie, uczennica Szko\u0142y Podstawowej w D\u0105broszynie za recenzj\u0119 ksi\u0105\u017cki \u201eNela i skarby Karaib\u00f3w\u201d,<\/p>\n<p>Antoni Budzianowski z DKK w D\u0105broszynie, ucze\u0144 Szko\u0142y Podstawowej w D\u0105broszynie za recenzj\u0119 ksi\u0105\u017cki \u201eMa\u0142a wojna\u201d Katarzyny Ryrych.<\/p>\n<p><img loading=\"lazy\" class=\"alignnone size-medium wp-image-1462\" src=\"http:\/\/biblioteka.witnica.pl\/wp-content\/uploads\/2020\/12\/14-Plus-300x291.jpg\" alt=\"\" width=\"300\" height=\"291\" srcset=\"http:\/\/biblioteka.witnica.pl\/wp-content\/uploads\/2020\/12\/14-Plus-300x291.jpg 300w, http:\/\/biblioteka.witnica.pl\/wp-content\/uploads\/2020\/12\/14-Plus-768x745.jpg 768w, http:\/\/biblioteka.witnica.pl\/wp-content\/uploads\/2020\/12\/14-Plus-1024x993.jpg 1024w, http:\/\/biblioteka.witnica.pl\/wp-content\/uploads\/2020\/12\/14-Plus-258x250.jpg 258w\" sizes=\"(max-width: 300px) 100vw, 300px\" \/><\/p>\n<p><b>W kategorii czytelnik\u00f3w powy\u017cej 14 lat:<\/b><\/p>\n<p>II miejsce Klaudia Matyszkiewicz z DKK w Witnicy, uczennica Zespo\u0142u Szk\u00f3\u0142 Samorz\u0105dowych w Witnicy za recenzj\u0119 ksi\u0105\u017cki \u201ePonad wszystko\u201d Nicoli Yoon,<\/p>\n<p>III miejsce Hanna Mazurak z DKK w D\u0105broszynie, uczennica Szko\u0142y Podstawowej w D\u0105broszynie za recenzj\u0119 ksi\u0105\u017cki \u201eTusz\u201d (trylogia \u201eKsi\u0119ga sk\u00f3r\u201d) Alice Broadway.<\/p>\n<p>Wyr\u00f3\u017cnieni zostali:<\/p>\n<p>Julia Rosiak z DKK w Witnicy, uczennica Liceum Og\u00f3lnokszta\u0142c\u0105cego nr 1 im. T. Ko\u015bciuszki w Gorzowie Wlkp. za recenzj\u0119 ksi\u0105\u017cki \u201eZosta\u0144, je\u015bli kochasz\u201d Gaylego Formana,<\/p>\n<p>Szymon Pacan z DKK w Witnicy, ucze\u0144 Zespo\u0142u Szk\u00f3\u0142 Samorz\u0105dowych w Witnicy za recenzj\u0119 ksi\u0105\u017cki \u201eCzerwona \u0141\u00f3d\u017a\u201d \u0141ysego.<\/p>\n<p>Nagrodzeni i wyr\u00f3\u017cnieni czytelnicy otrzymali dyplomy oraz vouchery zakupowe w ksi\u0119garni Empik. Gratulacje dla laureat\u00f3w.<\/p>\n<p><img loading=\"lazy\" class=\"alignnone size-medium wp-image-1463\" src=\"http:\/\/biblioteka.witnica.pl\/wp-content\/uploads\/2020\/12\/DKK_2018_RGB_p_www-300x202.png\" alt=\"\" width=\"300\" height=\"202\" srcset=\"http:\/\/biblioteka.witnica.pl\/wp-content\/uploads\/2020\/12\/DKK_2018_RGB_p_www-300x202.png 300w, http:\/\/biblioteka.witnica.pl\/wp-content\/uploads\/2020\/12\/DKK_2018_RGB_p_www-768x518.png 768w, http:\/\/biblioteka.witnica.pl\/wp-content\/uploads\/2020\/12\/DKK_2018_RGB_p_www-1024x690.png 1024w, http:\/\/biblioteka.witnica.pl\/wp-content\/uploads\/2020\/12\/DKK_2018_RGB_p_www-352x237.png 352w, http:\/\/biblioteka.witnica.pl\/wp-content\/uploads\/2020\/12\/DKK_2018_RGB_p_www.png 1200w\" sizes=\"(max-width: 300px) 100vw, 300px\" \/><\/p>\n<div class='sfsi_Sicons' style='width: 100%; display: inline-block; vertical-align: middle; text-align:left'><div style='margin:0px 8px 0px 0px; line-height: 24px'><span><\/span><\/div><div class='sfsi_socialwpr'><div class='sf_fb' style='text-align:left;vertical-align: middle;width:98px'><div class=\"fb-like\" href=\"http:\/\/biblioteka.witnica.pl\/?p=1460\" width=\"180\" send=\"false\" showfaces=\"false\"  action=\"like\" data-share=\"true\"data-layout=\"button\" ><\/div><\/div><\/div><\/div>","protected":false},"excerpt":{"rendered":"<p>Dziewi\u0119\u0107 nagr\u00f3d i wyr\u00f3\u017cnie\u0144 zdobyli reprezentanci Miejskiej Biblioteki Publicznej w Witnicy w VIII Konkursie na Recenzj\u0119 Ksi\u0105\u017cki \u201eMoje literackie fascynacje\u201d. Jego organizatorem jest Wojew\u00f3dzka i Miejska Biblioteka Publiczna im. Z. &hellip;<\/p>\n","protected":false},"author":2,"featured_media":1461,"comment_status":"open","ping_status":"open","sticky":false,"template":"","format":"standard","meta":[],"categories":[1,7,5],"tags":[],"_links":{"self":[{"href":"http:\/\/biblioteka.witnica.pl\/index.php?rest_route=\/wp\/v2\/posts\/1460"}],"collection":[{"href":"http:\/\/biblioteka.witnica.pl\/index.php?rest_route=\/wp\/v2\/posts"}],"about":[{"href":"http:\/\/biblioteka.witnica.pl\/index.php?rest_route=\/wp\/v2\/types\/post"}],"author":[{"embeddable":true,"href":"http:\/\/biblioteka.witnica.pl\/index.php?rest_route=\/wp\/v2\/users\/2"}],"replies":[{"embeddable":true,"href":"http:\/\/biblioteka.witnica.pl\/index.php?rest_route=%2Fwp%2Fv2%2Fcomments&post=1460"}],"version-history":[{"count":3,"href":"http:\/\/biblioteka.witnica.pl\/index.php?rest_route=\/wp\/v2\/posts\/1460\/revisions"}],"predecessor-version":[{"id":1466,"href":"http:\/\/biblioteka.witnica.pl\/index.php?rest_route=\/wp\/v2\/posts\/1460\/revisions\/1466"}],"wp:featuredmedia":[{"embeddable":true,"href":"http:\/\/biblioteka.witnica.pl\/index.php?rest_route=\/wp\/v2\/media\/1461"}],"wp:attachment":[{"href":"http:\/\/biblioteka.witnica.pl\/index.php?rest_route=%2Fwp%2Fv2%2Fmedia&parent=1460"}],"wp:term":[{"taxonomy":"category","embeddable":true,"href":"http:\/\/biblioteka.witnica.pl\/index.php?rest_route=%2Fwp%2Fv2%2Fcategories&post=1460"},{"taxonomy":"post_tag","embeddable":true,"href":"http:\/\/biblioteka.witnica.pl\/index.php?rest_route=%2Fwp%2Fv2%2Ftags&post=1460"}],"curies":[{"name":"wp","href":"https:\/\/api.w.org\/{rel}","templated":true}]}}