{"id":1289,"date":"2020-04-28T14:16:37","date_gmt":"2020-04-28T14:16:37","guid":{"rendered":"http:\/\/biblioteka.witnica.pl\/?p=1289"},"modified":"2020-04-28T14:16:37","modified_gmt":"2020-04-28T14:16:37","slug":"spotkanie-z-szymonem-jadczakiem","status":"publish","type":"post","link":"http:\/\/biblioteka.witnica.pl\/?p=1289","title":{"rendered":"Spotkanie z Szymonem Jadczakiem"},"content":{"rendered":"<p>W czwartek 23 kwietnia na spotkaniu autorskim- wideoczacie czytelnicy rozmawiali z dziennikarzem \u015bledczym Szymonem Jadczakiem. Go\u015b\u0107 facebookowej grupy \u201eCzytamy! &#8211; kwarantanna z ksi\u0105\u017ck\u0105\u201d jest autorem ksi\u0105\u017cki \u201eWis\u0142a w ogniu. Jak bandyci ukradli Wis\u0142\u0119 Krak\u00f3w\u201d. By\u0142o to czwarte wydarzenie z cyklu \u201eKwarantanna z pisarzem\u201d.<\/p>\n<p><img loading=\"lazy\" class=\"alignnone size-medium wp-image-1290\" src=\"http:\/\/biblioteka.witnica.pl\/wp-content\/uploads\/2020\/04\/Jadczak-300x237.jpg\" alt=\"\" width=\"300\" height=\"237\" srcset=\"http:\/\/biblioteka.witnica.pl\/wp-content\/uploads\/2020\/04\/Jadczak-300x237.jpg 300w, http:\/\/biblioteka.witnica.pl\/wp-content\/uploads\/2020\/04\/Jadczak-317x250.jpg 317w, http:\/\/biblioteka.witnica.pl\/wp-content\/uploads\/2020\/04\/Jadczak.jpg 649w\" sizes=\"(max-width: 300px) 100vw, 300px\" \/><\/p>\n<p>Bohater wieczoru, mimo \u017ce w dzieci\u0144stwie nie marzy\u0142 o karierze bramkostrzelnego pi\u0142karza, po\u015bwi\u0119ci\u0142 Wi\u015ble Krak\u00f3w wiele czasu i zapewne zdrowia. Jego reporta\u017ce telewizyjne przyczyni\u0142y si\u0119 do \u201eodbicia\u201d klubu z r\u0105k bandyt\u00f3w, cho\u0107 ich przyw\u00f3dca, kt\u00f3ry uzyska\u0142 status \u015bwiadka koronnego pewnie uniknie kary. Szymon Jadczak jest tak\u017ce wsp\u00f3\u0142autorem materia\u0142\u00f3w po\u015bwi\u0119conych seksaferze w \u201eSamoobronie\u201d. Pytany o to oraz o kampani\u0119 Mee Too stwierdzi\u0142, \u017ce w tej sprawie Polska troch\u0119 si\u0119 zmieni\u0142a.- Oskar\u017cany o molestowanie dyrektor krakowskiego teatru \u201eBagatela\u201d pr\u0119dko po\u017cegna\u0142 si\u0119 ze stanowiskiem.<\/p>\n<p><img loading=\"lazy\" class=\"alignnone size-medium wp-image-1291\" src=\"http:\/\/biblioteka.witnica.pl\/wp-content\/uploads\/2020\/04\/wisla-w-ogniu-jak-bandyci-ukradli-wisle-krakow-b-iext54762531-197x300.jpg\" alt=\"\" width=\"197\" height=\"300\" srcset=\"http:\/\/biblioteka.witnica.pl\/wp-content\/uploads\/2020\/04\/wisla-w-ogniu-jak-bandyci-ukradli-wisle-krakow-b-iext54762531-197x300.jpg 197w, http:\/\/biblioteka.witnica.pl\/wp-content\/uploads\/2020\/04\/wisla-w-ogniu-jak-bandyci-ukradli-wisle-krakow-b-iext54762531-164x250.jpg 164w, http:\/\/biblioteka.witnica.pl\/wp-content\/uploads\/2020\/04\/wisla-w-ogniu-jak-bandyci-ukradli-wisle-krakow-b-iext54762531.jpg 500w\" sizes=\"(max-width: 197px) 100vw, 197px\" \/><\/p>\n<p>Policjanci uwa\u017caj\u0105, \u017ce tak dociekliwy reporter sprawdzi\u0142by si\u0119 jako funkcjonariusz pionu \u015bledczego. On jednak nie widzi siebie w s\u0142u\u017cbie mundurowej. R\u00f3wnie\u017c kariera prywatnego detektywa go nie poci\u0105ga, cho\u0107 jest posiadaczem stosownych uprawnie\u0144. Opowie\u015b\u0107 o pracy dziennikarza \u015bledczego i rozpracowywaniu grupy przest\u0119pczej zaj\u0119\u0142a wi\u0119ksz\u0105 cz\u0119\u015b\u0107 spotkania.<\/p>\n<p>Co ciekawe, dziennikarz, kt\u00f3ry startowa\u0142 w zawodzie pisz\u0105c o hip-hopie, nie uwa\u017ca, aby tematycznie przeby\u0142 dalek\u0105 drog\u0119. Wielu jego bohater\u00f3w muzyk\u00f3w mia\u0142o k\u0142opoty z prawem.<\/p>\n<p>Praca Szymona Jadczaka by\u0142a wielokrotnie nagradzana, w tym nagrod\u0105 Grand Press. Sam laureat jednak nie przywi\u0105zuje do takich wyr\u00f3\u017cnie\u0144 du\u017cej wagi.<\/p>\n<div class='sfsi_Sicons' style='width: 100%; display: inline-block; vertical-align: middle; text-align:left'><div style='margin:0px 8px 0px 0px; line-height: 24px'><span><\/span><\/div><div class='sfsi_socialwpr'><div class='sf_fb' style='text-align:left;vertical-align: middle;width:98px'><div class=\"fb-like\" href=\"http:\/\/biblioteka.witnica.pl\/?p=1289\" width=\"180\" send=\"false\" showfaces=\"false\"  action=\"like\" data-share=\"true\"data-layout=\"button\" ><\/div><\/div><\/div><\/div>","protected":false},"excerpt":{"rendered":"<p>W czwartek 23 kwietnia na spotkaniu autorskim- wideoczacie czytelnicy rozmawiali z dziennikarzem \u015bledczym Szymonem Jadczakiem. Go\u015b\u0107 facebookowej grupy \u201eCzytamy! &#8211; kwarantanna z ksi\u0105\u017ck\u0105\u201d jest autorem ksi\u0105\u017cki \u201eWis\u0142a w ogniu. Jak &hellip;<\/p>\n","protected":false},"author":2,"featured_media":1290,"comment_status":"open","ping_status":"open","sticky":false,"template":"","format":"standard","meta":[],"categories":[1,12,5],"tags":[],"_links":{"self":[{"href":"http:\/\/biblioteka.witnica.pl\/index.php?rest_route=\/wp\/v2\/posts\/1289"}],"collection":[{"href":"http:\/\/biblioteka.witnica.pl\/index.php?rest_route=\/wp\/v2\/posts"}],"about":[{"href":"http:\/\/biblioteka.witnica.pl\/index.php?rest_route=\/wp\/v2\/types\/post"}],"author":[{"embeddable":true,"href":"http:\/\/biblioteka.witnica.pl\/index.php?rest_route=\/wp\/v2\/users\/2"}],"replies":[{"embeddable":true,"href":"http:\/\/biblioteka.witnica.pl\/index.php?rest_route=%2Fwp%2Fv2%2Fcomments&post=1289"}],"version-history":[{"count":1,"href":"http:\/\/biblioteka.witnica.pl\/index.php?rest_route=\/wp\/v2\/posts\/1289\/revisions"}],"predecessor-version":[{"id":1292,"href":"http:\/\/biblioteka.witnica.pl\/index.php?rest_route=\/wp\/v2\/posts\/1289\/revisions\/1292"}],"wp:featuredmedia":[{"embeddable":true,"href":"http:\/\/biblioteka.witnica.pl\/index.php?rest_route=\/wp\/v2\/media\/1290"}],"wp:attachment":[{"href":"http:\/\/biblioteka.witnica.pl\/index.php?rest_route=%2Fwp%2Fv2%2Fmedia&parent=1289"}],"wp:term":[{"taxonomy":"category","embeddable":true,"href":"http:\/\/biblioteka.witnica.pl\/index.php?rest_route=%2Fwp%2Fv2%2Fcategories&post=1289"},{"taxonomy":"post_tag","embeddable":true,"href":"http:\/\/biblioteka.witnica.pl\/index.php?rest_route=%2Fwp%2Fv2%2Ftags&post=1289"}],"curies":[{"name":"wp","href":"https:\/\/api.w.org\/{rel}","templated":true}]}}