{"id":1275,"date":"2020-04-25T06:20:15","date_gmt":"2020-04-25T06:20:15","guid":{"rendered":"http:\/\/biblioteka.witnica.pl\/?p=1275"},"modified":"2020-04-25T06:20:15","modified_gmt":"2020-04-25T06:20:15","slug":"opowiesci-tworczyni-wiankow","status":"publish","type":"post","link":"http:\/\/biblioteka.witnica.pl\/?p=1275","title":{"rendered":"Opowie\u015bci tw\u00f3rczyni \u201eWiank\u00f3w\u201d"},"content":{"rendered":"<p lang=\"pl-PL\"><span style=\"color: #000000;\"><span style=\"font-family: Times New Roman, serif;\"><span style=\"font-size: medium;\">W czwartek 16 kwietnia na spotkaniu autorskim \u2013 wideoczacie by\u0142a autorka powie\u015bci dla doros\u0142ych i m\u0142odzie\u017cy Agnieszka Olszanowska.<\/span><\/span><\/span><\/p>\n<p lang=\"pl-PL\"><img loading=\"lazy\" class=\"alignnone size-medium wp-image-1276\" src=\"http:\/\/biblioteka.witnica.pl\/wp-content\/uploads\/2020\/04\/WebHeader-12-300x216.jpg\" alt=\"\" width=\"300\" height=\"216\" srcset=\"http:\/\/biblioteka.witnica.pl\/wp-content\/uploads\/2020\/04\/WebHeader-12-300x216.jpg 300w, http:\/\/biblioteka.witnica.pl\/wp-content\/uploads\/2020\/04\/WebHeader-12-768x554.jpg 768w, http:\/\/biblioteka.witnica.pl\/wp-content\/uploads\/2020\/04\/WebHeader-12-346x250.jpg 346w, http:\/\/biblioteka.witnica.pl\/wp-content\/uploads\/2020\/04\/WebHeader-12.jpg 826w\" sizes=\"(max-width: 300px) 100vw, 300px\" \/><\/p>\n<p lang=\"pl-PL\"><span style=\"color: #000000;\"><span style=\"font-family: Times New Roman, serif;\"><span style=\"font-size: medium;\">By\u0142o to trzecie \u201ezdalne\u201d wydarzenie w ramach cyklu \u201eKwarantanna z pisarzem\u201d, kt\u00f3ry jest organizowany przez Miejsk\u0105 Bibliotek\u0119 Publiczn\u0105 w Witnicy na stronie facebookowej grupy \u201eCzytamy! &#8211; kwarantanna z ksi\u0105\u017ck\u0105\u201d.<\/span><\/span><\/span><\/p>\n<p lang=\"pl-PL\"><span style=\"color: #000000;\"><span style=\"font-family: Times New Roman, serif;\"><span style=\"font-size: medium;\">Spotkanie by\u0142o dla organizator\u00f3w i przedstawicieli zaprzyja\u017anionych bibliotek podw\u00f3jn\u0105 przyjemno\u015bci\u0105, gdy\u017c pani Agnieszka jest nie tylko autork\u0105 zajmuj\u0105cych powie\u015bci, ale te\u017c bibliotekark\u0105. Obecnie pracuje w bibliotece pedagogicznej, ale ma za sob\u0105 sta\u017c \u201eprzy ladzie\u201d w bibliotece szkolnej i publicznej. Jest wi\u0119c \u201ekole\u017cank\u0105 po fachu\u201d.<\/span><\/span><\/span><\/p>\n<p lang=\"pl-PL\"><span style=\"color: #000000;\"><span style=\"font-family: Times New Roman, serif;\"><span style=\"font-size: medium;\">Bohaterka spotkania opowiedzia\u0142a czytelnikom o swojej drodze do pisarstwa. O pierwszej ksi\u0105\u017cce, kt\u00f3ra zosta\u0142a zg\u0142oszona do konkursu i cho\u0107 niczego nie wygra\u0142a, by\u0142a pocz\u0105tkiem m\u0142odzie\u017cowego cyklu powie\u015bciowego.<\/span><\/span><\/span><\/p>\n<p lang=\"pl-PL\"><span style=\"color: #000000;\"><span style=\"font-family: Times New Roman, serif;\"><span style=\"font-size: medium;\">Opowie\u015bci by\u0142y okraszone opowie\u015bciami \u201ez \u017cycia\u201d. Sk\u0105d w powie\u015bci dla m\u0142odzie\u017cy w\u0105tek inkubacji kurcz\u0105t? Bo syn pisarki zainteresowa\u0142 si\u0119 hodowl\u0105 drobiu. Pasja mu, jak to dziecku, min\u0119\u0142a, dr\u00f3b pozosta\u0142 \u2013 w obej\u015bciu i na kartach ksi\u0105\u017cki.<\/span><\/span><\/span><\/p>\n<p lang=\"pl-PL\"><span style=\"color: #000000;\"><span style=\"font-family: Times New Roman, serif;\"><span style=\"font-size: medium;\">Sporo czasu zaj\u0119\u0142y tematy dw\u00f3ch cykl\u00f3w &#8211; \u201eDziesi\u0105tej wsi\u201d i \u201eWiank\u00f3w\u201d. \u201eDziesi\u0105ta wie\u015b\u201d to cz\u0119sto powtarzane powiedzenie babci autorki, kt\u00f3ra w ten spos\u00f3b okre\u015bla\u0142a miejsca, \u201egdzie diabe\u0142 m\u00f3wi dobranoc\u201d. Pani Blan\u017c z \u201ewiankowej serii\u201d jest inspirowana postaci\u0105 prawdziwej kobiety, kt\u00f3ra pe\u0142ni funkcj\u0119 ko\u015bcielnej. Nie jest jednak jej dok\u0142adnym portretem. Autorka przyzna\u0142a, \u017ce w ka\u017cdej postaci kt\u00f3r\u0105 stworzy\u0142a, w tym pani Blan\u017c, jest cz\u0105stka jej samej. No, mo\u017ce opr\u00f3cz w\u00f3jta, kt\u00f3ry w \u201eWianku z dmuchawc\u00f3w\u201d chce zlikwidowa\u0107 publiczn\u0105 bibliotek\u0119. Z takim niegodziwcem trudno si\u0119 identyfikowa\u0107.<\/span><\/span><\/span><\/p>\n<p lang=\"pl-PL\"><span style=\"color: #000000;\"><span style=\"font-family: Times New Roman, serif;\"><span style=\"font-size: medium;\">Pisarka zgadza si\u0119 z pogl\u0105dem, \u017ce jej bohaterowie w przewadze nie s\u0105 zbyt romantyczni. To dlatego, \u017ce chce przedstawia\u0107 ludzi takimi, jacy s\u0105. A w realnym \u017cyciu nie spotyka si\u0119 ksi\u0105\u017c\u0105t, kt\u00f3rzy zakochuj\u0105 si\u0119 w kopciuszkach. Dlatego o nich nie pisze, cho\u0107 takie historie dobrze si\u0119 sprzedaj\u0105.<\/span><\/span><\/span><\/p>\n<p lang=\"pl-PL\"><img loading=\"lazy\" class=\"alignnone size-medium wp-image-1287\" src=\"http:\/\/biblioteka.witnica.pl\/wp-content\/uploads\/2020\/04\/wwl-211x300.jpg\" alt=\"\" width=\"211\" height=\"300\" srcset=\"http:\/\/biblioteka.witnica.pl\/wp-content\/uploads\/2020\/04\/wwl-211x300.jpg 211w, http:\/\/biblioteka.witnica.pl\/wp-content\/uploads\/2020\/04\/wwl-176x250.jpg 176w, http:\/\/biblioteka.witnica.pl\/wp-content\/uploads\/2020\/04\/wwl.jpg 352w\" sizes=\"(max-width: 211px) 100vw, 211px\" \/><img loading=\"lazy\" class=\"alignnone size-medium wp-image-1286\" src=\"http:\/\/biblioteka.witnica.pl\/wp-content\/uploads\/2020\/04\/Wianek_z_dmuchawcow_cala-195x300.jpg\" alt=\"\" width=\"195\" height=\"300\" srcset=\"http:\/\/biblioteka.witnica.pl\/wp-content\/uploads\/2020\/04\/Wianek_z_dmuchawcow_cala-195x300.jpg 195w, http:\/\/biblioteka.witnica.pl\/wp-content\/uploads\/2020\/04\/Wianek_z_dmuchawcow_cala-162x250.jpg 162w, http:\/\/biblioteka.witnica.pl\/wp-content\/uploads\/2020\/04\/Wianek_z_dmuchawcow_cala.jpg 400w\" sizes=\"(max-width: 195px) 100vw, 195px\" \/><img loading=\"lazy\" class=\"alignnone size-medium wp-image-1285\" src=\"http:\/\/biblioteka.witnica.pl\/wp-content\/uploads\/2020\/04\/Wianek.z.lauru_-195x300.jpg\" alt=\"\" width=\"195\" height=\"300\" srcset=\"http:\/\/biblioteka.witnica.pl\/wp-content\/uploads\/2020\/04\/Wianek.z.lauru_-195x300.jpg 195w, http:\/\/biblioteka.witnica.pl\/wp-content\/uploads\/2020\/04\/Wianek.z.lauru_-162x250.jpg 162w, http:\/\/biblioteka.witnica.pl\/wp-content\/uploads\/2020\/04\/Wianek.z.lauru_.jpg 400w\" sizes=\"(max-width: 195px) 100vw, 195px\" \/><img loading=\"lazy\" class=\"alignnone size-medium wp-image-1284\" src=\"http:\/\/biblioteka.witnica.pl\/wp-content\/uploads\/2020\/04\/we-212x300.jpg\" alt=\"\" width=\"212\" height=\"300\" srcset=\"http:\/\/biblioteka.witnica.pl\/wp-content\/uploads\/2020\/04\/we-212x300.jpg 212w, http:\/\/biblioteka.witnica.pl\/wp-content\/uploads\/2020\/04\/we-177x250.jpg 177w, http:\/\/biblioteka.witnica.pl\/wp-content\/uploads\/2020\/04\/we.jpg 352w\" sizes=\"(max-width: 212px) 100vw, 212px\" \/><img loading=\"lazy\" class=\"alignnone size-medium wp-image-1283\" src=\"http:\/\/biblioteka.witnica.pl\/wp-content\/uploads\/2020\/04\/Mi\u0142o\u015b\u0107-na-dziesi\u0105tej-wsi-Agnieszka-Olszanowska-1-211x300.jpg\" alt=\"\" width=\"211\" height=\"300\" srcset=\"http:\/\/biblioteka.witnica.pl\/wp-content\/uploads\/2020\/04\/Mi\u0142o\u015b\u0107-na-dziesi\u0105tej-wsi-Agnieszka-Olszanowska-1-211x300.jpg 211w, http:\/\/biblioteka.witnica.pl\/wp-content\/uploads\/2020\/04\/Mi\u0142o\u015b\u0107-na-dziesi\u0105tej-wsi-Agnieszka-Olszanowska-1-176x250.jpg 176w, http:\/\/biblioteka.witnica.pl\/wp-content\/uploads\/2020\/04\/Mi\u0142o\u015b\u0107-na-dziesi\u0105tej-wsi-Agnieszka-Olszanowska-1.jpg 352w\" sizes=\"(max-width: 211px) 100vw, 211px\" \/><img loading=\"lazy\" class=\"alignnone size-medium wp-image-1281\" src=\"http:\/\/biblioteka.witnica.pl\/wp-content\/uploads\/2020\/04\/listy-z-dziesiatej-wsi-192x300.jpg\" alt=\"\" width=\"192\" height=\"300\" srcset=\"http:\/\/biblioteka.witnica.pl\/wp-content\/uploads\/2020\/04\/listy-z-dziesiatej-wsi-192x300.jpg 192w, http:\/\/biblioteka.witnica.pl\/wp-content\/uploads\/2020\/04\/listy-z-dziesiatej-wsi-768x1197.jpg 768w, http:\/\/biblioteka.witnica.pl\/wp-content\/uploads\/2020\/04\/listy-z-dziesiatej-wsi-657x1024.jpg 657w, http:\/\/biblioteka.witnica.pl\/wp-content\/uploads\/2020\/04\/listy-z-dziesiatej-wsi-160x250.jpg 160w, http:\/\/biblioteka.witnica.pl\/wp-content\/uploads\/2020\/04\/listy-z-dziesiatej-wsi.jpg 958w\" sizes=\"(max-width: 192px) 100vw, 192px\" \/><img loading=\"lazy\" class=\"alignnone size-medium wp-image-1280\" src=\"http:\/\/biblioteka.witnica.pl\/wp-content\/uploads\/2020\/04\/Karolina-pami\u0119tnik-nastolatki-Agnieszka-Olszanowska-212x300.jpg\" alt=\"\" width=\"212\" height=\"300\" srcset=\"http:\/\/biblioteka.witnica.pl\/wp-content\/uploads\/2020\/04\/Karolina-pami\u0119tnik-nastolatki-Agnieszka-Olszanowska-212x300.jpg 212w, http:\/\/biblioteka.witnica.pl\/wp-content\/uploads\/2020\/04\/Karolina-pami\u0119tnik-nastolatki-Agnieszka-Olszanowska-177x250.jpg 177w, http:\/\/biblioteka.witnica.pl\/wp-content\/uploads\/2020\/04\/Karolina-pami\u0119tnik-nastolatki-Agnieszka-Olszanowska.jpg 426w\" sizes=\"(max-width: 212px) 100vw, 212px\" \/><img loading=\"lazy\" class=\"alignnone size-medium wp-image-1279\" src=\"http:\/\/biblioteka.witnica.pl\/wp-content\/uploads\/2020\/04\/hhk-212x300.jpg\" alt=\"\" width=\"212\" height=\"300\" srcset=\"http:\/\/biblioteka.witnica.pl\/wp-content\/uploads\/2020\/04\/hhk-212x300.jpg 212w, http:\/\/biblioteka.witnica.pl\/wp-content\/uploads\/2020\/04\/hhk-176x250.jpg 176w, http:\/\/biblioteka.witnica.pl\/wp-content\/uploads\/2020\/04\/hhk.jpg 352w\" sizes=\"(max-width: 212px) 100vw, 212px\" \/><img loading=\"lazy\" class=\"alignnone size-medium wp-image-1278\" src=\"http:\/\/biblioteka.witnica.pl\/wp-content\/uploads\/2020\/04\/gs-212x300.jpg\" alt=\"\" width=\"212\" height=\"300\" srcset=\"http:\/\/biblioteka.witnica.pl\/wp-content\/uploads\/2020\/04\/gs-212x300.jpg 212w, http:\/\/biblioteka.witnica.pl\/wp-content\/uploads\/2020\/04\/gs-176x250.jpg 176w, http:\/\/biblioteka.witnica.pl\/wp-content\/uploads\/2020\/04\/gs.jpg 352w\" sizes=\"(max-width: 212px) 100vw, 212px\" \/><img loading=\"lazy\" class=\"alignnone size-medium wp-image-1277\" src=\"http:\/\/biblioteka.witnica.pl\/wp-content\/uploads\/2020\/04\/551434-352x500-211x300.jpg\" alt=\"\" width=\"211\" height=\"300\" srcset=\"http:\/\/biblioteka.witnica.pl\/wp-content\/uploads\/2020\/04\/551434-352x500-211x300.jpg 211w, http:\/\/biblioteka.witnica.pl\/wp-content\/uploads\/2020\/04\/551434-352x500-176x250.jpg 176w, http:\/\/biblioteka.witnica.pl\/wp-content\/uploads\/2020\/04\/551434-352x500.jpg 352w\" sizes=\"(max-width: 211px) 100vw, 211px\" \/><\/p>\n<p lang=\"pl-PL\"><span style=\"color: #000000;\"><span style=\"font-family: Times New Roman, serif;\"><span style=\"font-size: medium;\">Witniccy bibliotekarze dzi\u0119kuj\u0105 pani Manuli Kalickiej i Agencji Literackiej Manuskrypt za pomoc w organizacji spotkania. W jego promocji bra\u0142 r\u00f3wnie\u017c udzia\u0142 \u201eBibliotekarz Lubuski\u201d oraz zaprzyja\u017anione biblioteki publiczne w S\u0142ubicach, Bogda\u0144cu, Deszcznie, Zwierzynie i Koninie.<\/span><\/span><\/span><\/p>\n<div class='sfsi_Sicons' style='width: 100%; display: inline-block; vertical-align: middle; text-align:left'><div style='margin:0px 8px 0px 0px; line-height: 24px'><span><\/span><\/div><div class='sfsi_socialwpr'><div class='sf_fb' style='text-align:left;vertical-align: middle;width:98px'><div class=\"fb-like\" href=\"http:\/\/biblioteka.witnica.pl\/?p=1275\" width=\"180\" send=\"false\" showfaces=\"false\"  action=\"like\" data-share=\"true\"data-layout=\"button\" ><\/div><\/div><\/div><\/div>","protected":false},"excerpt":{"rendered":"<p>W czwartek 16 kwietnia na spotkaniu autorskim \u2013 wideoczacie by\u0142a autorka powie\u015bci dla doros\u0142ych i m\u0142odzie\u017cy Agnieszka Olszanowska. By\u0142o to trzecie \u201ezdalne\u201d wydarzenie w ramach cyklu \u201eKwarantanna z pisarzem\u201d, kt\u00f3ry &hellip;<\/p>\n","protected":false},"author":2,"featured_media":1276,"comment_status":"open","ping_status":"open","sticky":false,"template":"","format":"standard","meta":[],"categories":[1,12,5],"tags":[],"_links":{"self":[{"href":"http:\/\/biblioteka.witnica.pl\/index.php?rest_route=\/wp\/v2\/posts\/1275"}],"collection":[{"href":"http:\/\/biblioteka.witnica.pl\/index.php?rest_route=\/wp\/v2\/posts"}],"about":[{"href":"http:\/\/biblioteka.witnica.pl\/index.php?rest_route=\/wp\/v2\/types\/post"}],"author":[{"embeddable":true,"href":"http:\/\/biblioteka.witnica.pl\/index.php?rest_route=\/wp\/v2\/users\/2"}],"replies":[{"embeddable":true,"href":"http:\/\/biblioteka.witnica.pl\/index.php?rest_route=%2Fwp%2Fv2%2Fcomments&post=1275"}],"version-history":[{"count":1,"href":"http:\/\/biblioteka.witnica.pl\/index.php?rest_route=\/wp\/v2\/posts\/1275\/revisions"}],"predecessor-version":[{"id":1288,"href":"http:\/\/biblioteka.witnica.pl\/index.php?rest_route=\/wp\/v2\/posts\/1275\/revisions\/1288"}],"wp:featuredmedia":[{"embeddable":true,"href":"http:\/\/biblioteka.witnica.pl\/index.php?rest_route=\/wp\/v2\/media\/1276"}],"wp:attachment":[{"href":"http:\/\/biblioteka.witnica.pl\/index.php?rest_route=%2Fwp%2Fv2%2Fmedia&parent=1275"}],"wp:term":[{"taxonomy":"category","embeddable":true,"href":"http:\/\/biblioteka.witnica.pl\/index.php?rest_route=%2Fwp%2Fv2%2Fcategories&post=1275"},{"taxonomy":"post_tag","embeddable":true,"href":"http:\/\/biblioteka.witnica.pl\/index.php?rest_route=%2Fwp%2Fv2%2Ftags&post=1275"}],"curies":[{"name":"wp","href":"https:\/\/api.w.org\/{rel}","templated":true}]}}