{"id":1268,"date":"2020-04-07T15:48:01","date_gmt":"2020-04-07T15:48:01","guid":{"rendered":"http:\/\/biblioteka.witnica.pl\/?p=1268"},"modified":"2020-04-07T15:48:01","modified_gmt":"2020-04-07T15:48:01","slug":"moja-kwarantanna-z-ksiazka-konkurs-plastyczny-dla-uczniow-szkol-podstawowych","status":"publish","type":"post","link":"http:\/\/biblioteka.witnica.pl\/?p=1268","title":{"rendered":"\u201eMoja kwarantanna z ksi\u0105\u017ck\u0105\u201d \u2013 konkurs plastyczny dla uczni\u00f3w szk\u00f3\u0142 podstawowych"},"content":{"rendered":"<p>Miejska Biblioteka Publiczna w Witnicy zaprasza do udzia\u0142u w konkursie plastycznym:<img loading=\"lazy\" class=\"alignnone size-medium wp-image-1269\" src=\"http:\/\/biblioteka.witnica.pl\/wp-content\/uploads\/2020\/04\/Konkurs-plastyczny-300x213.jpg\" alt=\"\" width=\"300\" height=\"213\" srcset=\"http:\/\/biblioteka.witnica.pl\/wp-content\/uploads\/2020\/04\/Konkurs-plastyczny-300x213.jpg 300w, http:\/\/biblioteka.witnica.pl\/wp-content\/uploads\/2020\/04\/Konkurs-plastyczny-768x545.jpg 768w, http:\/\/biblioteka.witnica.pl\/wp-content\/uploads\/2020\/04\/Konkurs-plastyczny-352x250.jpg 352w, http:\/\/biblioteka.witnica.pl\/wp-content\/uploads\/2020\/04\/Konkurs-plastyczny.jpg 960w\" sizes=\"(max-width: 300px) 100vw, 300px\" \/><\/p>\n<p>Wykonaj prac\u0119 plastyczn\u0105 przedstawiaj\u0105c\u0105 ksi\u0105\u017ck\u0119 \u2013 przyjaciela w czasie epidemii. Technika dowolna. Zilustruj ulubiony fragment bajki, opowiadania lub powie\u015bci.<\/p>\n<p>Kiedy praca b\u0119dzie gotowa, sfotografuj j\u0105 i prze\u015blij do nas na Messengerze lub na adres e-mailowy Miejskiej Biblioteki Publicznej w Witnicy: <span style=\"color: #000080;\"><span lang=\"zxx\"><u><a href=\"mailto:mbpwitnica@op.pl\">mbpwitnica@op.pl<\/a><\/u><\/span><\/span> . Termin: do 17 kwietnia. W po\u015bcie podaj autora i tytu\u0142 ksi\u0105\u017cki, a tak\u017ce swoje imi\u0119 i nazwisko oraz wiek.<\/p>\n<p>Najciekawsze prace zostan\u0105 wyr\u00f3\u017cnione i zamieszczone na stronie naszej grupie \u201eCzytamy! &#8211; kwarantanna z ksi\u0105\u017ck\u0105\u201d.<\/p>\n<p>Nie zapomnij umie\u015bci\u0107 na swojej pracy tytu\u0142u: <span style=\"color: #000080;\"><span lang=\"zxx\"><u><a href=\"https:\/\/pl.wikipedia.org\/wiki\/Kratka_(symbol)\"><span style=\"font-family: sans-serif, Arial;\"><span style=\"font-size: small;\"><b>#<\/b><\/span><\/span><\/a><\/u><\/span><\/span><span style=\"color: #000000;\"><span style=\"font-family: sans-serif, Arial;\"><span style=\"font-size: small;\"><b> Czytamy! &#8211; kwarantanna z ksi\u0105\u017ck\u0105<\/b><\/span><\/span><\/span><\/p>\n<div class='sfsi_Sicons' style='width: 100%; display: inline-block; vertical-align: middle; text-align:left'><div style='margin:0px 8px 0px 0px; line-height: 24px'><span><\/span><\/div><div class='sfsi_socialwpr'><div class='sf_fb' style='text-align:left;vertical-align: middle;width:98px'><div class=\"fb-like\" href=\"http:\/\/biblioteka.witnica.pl\/?p=1268\" width=\"180\" send=\"false\" showfaces=\"false\"  action=\"like\" data-share=\"true\"data-layout=\"button\" ><\/div><\/div><\/div><\/div>","protected":false},"excerpt":{"rendered":"<p>Miejska Biblioteka Publiczna w Witnicy zaprasza do udzia\u0142u w konkursie plastycznym: Wykonaj prac\u0119 plastyczn\u0105 przedstawiaj\u0105c\u0105 ksi\u0105\u017ck\u0119 \u2013 przyjaciela w czasie epidemii. Technika dowolna. Zilustruj ulubiony fragment bajki, opowiadania lub powie\u015bci. &hellip;<\/p>\n","protected":false},"author":2,"featured_media":0,"comment_status":"open","ping_status":"open","sticky":false,"template":"","format":"standard","meta":[],"categories":[1],"tags":[],"_links":{"self":[{"href":"http:\/\/biblioteka.witnica.pl\/index.php?rest_route=\/wp\/v2\/posts\/1268"}],"collection":[{"href":"http:\/\/biblioteka.witnica.pl\/index.php?rest_route=\/wp\/v2\/posts"}],"about":[{"href":"http:\/\/biblioteka.witnica.pl\/index.php?rest_route=\/wp\/v2\/types\/post"}],"author":[{"embeddable":true,"href":"http:\/\/biblioteka.witnica.pl\/index.php?rest_route=\/wp\/v2\/users\/2"}],"replies":[{"embeddable":true,"href":"http:\/\/biblioteka.witnica.pl\/index.php?rest_route=%2Fwp%2Fv2%2Fcomments&post=1268"}],"version-history":[{"count":1,"href":"http:\/\/biblioteka.witnica.pl\/index.php?rest_route=\/wp\/v2\/posts\/1268\/revisions"}],"predecessor-version":[{"id":1270,"href":"http:\/\/biblioteka.witnica.pl\/index.php?rest_route=\/wp\/v2\/posts\/1268\/revisions\/1270"}],"wp:attachment":[{"href":"http:\/\/biblioteka.witnica.pl\/index.php?rest_route=%2Fwp%2Fv2%2Fmedia&parent=1268"}],"wp:term":[{"taxonomy":"category","embeddable":true,"href":"http:\/\/biblioteka.witnica.pl\/index.php?rest_route=%2Fwp%2Fv2%2Fcategories&post=1268"},{"taxonomy":"post_tag","embeddable":true,"href":"http:\/\/biblioteka.witnica.pl\/index.php?rest_route=%2Fwp%2Fv2%2Ftags&post=1268"}],"curies":[{"name":"wp","href":"https:\/\/api.w.org\/{rel}","templated":true}]}}