{"id":1152,"date":"2019-12-04T09:06:34","date_gmt":"2019-12-04T09:06:34","guid":{"rendered":"http:\/\/biblioteka.witnica.pl\/?p=1152"},"modified":"2019-12-04T09:07:30","modified_gmt":"2019-12-04T09:07:30","slug":"wyklad-na-temat-dworu-radorf","status":"publish","type":"post","link":"http:\/\/biblioteka.witnica.pl\/?p=1152","title":{"rendered":"Wyk\u0142ad na temat dworu Radorf"},"content":{"rendered":"<p>Biblioteka zaprasza na kolejne spotkanie z histori\u0105 miasta. Tym razem b\u0119dzie to wyk\u0142ad Zbigniewa Czarnucha \u201eZ dziej\u00f3w witnickiego dworu i folwarku Radorf\u201d. Wyg\u0142oszony zostanie 11 grudnia o godzinie 17.00.<\/p>\n<p><img loading=\"lazy\" class=\"alignnone size-medium wp-image-1107\" src=\"http:\/\/biblioteka.witnica.pl\/wp-content\/uploads\/2019\/10\/318a-300x193.jpg\" alt=\"\" width=\"300\" height=\"193\" srcset=\"http:\/\/biblioteka.witnica.pl\/wp-content\/uploads\/2019\/10\/318a-300x193.jpg 300w, http:\/\/biblioteka.witnica.pl\/wp-content\/uploads\/2019\/10\/318a-768x495.jpg 768w, http:\/\/biblioteka.witnica.pl\/wp-content\/uploads\/2019\/10\/318a-1024x660.jpg 1024w, http:\/\/biblioteka.witnica.pl\/wp-content\/uploads\/2019\/10\/318a-352x227.jpg 352w, http:\/\/biblioteka.witnica.pl\/wp-content\/uploads\/2019\/10\/318a.jpg 1104w\" sizes=\"(max-width: 300px) 100vw, 300px\" \/><\/p>\n<p>Tytu\u0142owe obiekty znajdowa\u0142y si\u0119 na obecnym Osiedlu Zachodnim. W czasie wojny dzia\u0142a\u0142 w nich Landjahrlager &#8211; ob\u00f3z szkoleniowy dla dziewcz\u0105t. W 1945 roku dw\u00f3r i zabudowanie folwarczne zosta\u0142y zniszczone.<\/p>\n<div class='sfsi_Sicons' style='width: 100%; display: inline-block; vertical-align: middle; text-align:left'><div style='margin:0px 8px 0px 0px; line-height: 24px'><span><\/span><\/div><div class='sfsi_socialwpr'><div class='sf_fb' style='text-align:left;vertical-align: middle;width:98px'><div class=\"fb-like\" href=\"http:\/\/biblioteka.witnica.pl\/?p=1152\" width=\"180\" send=\"false\" showfaces=\"false\"  action=\"like\" data-share=\"true\"data-layout=\"button\" ><\/div><\/div><\/div><\/div>","protected":false},"excerpt":{"rendered":"<p>Biblioteka zaprasza na kolejne spotkanie z histori\u0105 miasta. Tym razem b\u0119dzie to wyk\u0142ad Zbigniewa Czarnucha \u201eZ dziej\u00f3w witnickiego dworu i folwarku Radorf\u201d. Wyg\u0142oszony zostanie 11 grudnia o godzinie 17.00. Tytu\u0142owe &hellip;<\/p>\n","protected":false},"author":2,"featured_media":1107,"comment_status":"open","ping_status":"open","sticky":false,"template":"","format":"standard","meta":[],"categories":[1,5],"tags":[],"_links":{"self":[{"href":"http:\/\/biblioteka.witnica.pl\/index.php?rest_route=\/wp\/v2\/posts\/1152"}],"collection":[{"href":"http:\/\/biblioteka.witnica.pl\/index.php?rest_route=\/wp\/v2\/posts"}],"about":[{"href":"http:\/\/biblioteka.witnica.pl\/index.php?rest_route=\/wp\/v2\/types\/post"}],"author":[{"embeddable":true,"href":"http:\/\/biblioteka.witnica.pl\/index.php?rest_route=\/wp\/v2\/users\/2"}],"replies":[{"embeddable":true,"href":"http:\/\/biblioteka.witnica.pl\/index.php?rest_route=%2Fwp%2Fv2%2Fcomments&post=1152"}],"version-history":[{"count":1,"href":"http:\/\/biblioteka.witnica.pl\/index.php?rest_route=\/wp\/v2\/posts\/1152\/revisions"}],"predecessor-version":[{"id":1153,"href":"http:\/\/biblioteka.witnica.pl\/index.php?rest_route=\/wp\/v2\/posts\/1152\/revisions\/1153"}],"wp:featuredmedia":[{"embeddable":true,"href":"http:\/\/biblioteka.witnica.pl\/index.php?rest_route=\/wp\/v2\/media\/1107"}],"wp:attachment":[{"href":"http:\/\/biblioteka.witnica.pl\/index.php?rest_route=%2Fwp%2Fv2%2Fmedia&parent=1152"}],"wp:term":[{"taxonomy":"category","embeddable":true,"href":"http:\/\/biblioteka.witnica.pl\/index.php?rest_route=%2Fwp%2Fv2%2Fcategories&post=1152"},{"taxonomy":"post_tag","embeddable":true,"href":"http:\/\/biblioteka.witnica.pl\/index.php?rest_route=%2Fwp%2Fv2%2Ftags&post=1152"}],"curies":[{"name":"wp","href":"https:\/\/api.w.org\/{rel}","templated":true}]}}