{"id":1139,"date":"2019-12-02T12:16:20","date_gmt":"2019-12-02T12:16:20","guid":{"rendered":"http:\/\/biblioteka.witnica.pl\/?p=1139"},"modified":"2019-12-09T08:48:46","modified_gmt":"2019-12-09T08:48:46","slug":"nasi-nagrodzeni-recenzenci","status":"publish","type":"post","link":"http:\/\/biblioteka.witnica.pl\/?p=1139","title":{"rendered":"Nasi nagrodzeni recenzenci"},"content":{"rendered":"<p><img loading=\"lazy\" class=\"alignnone size-medium wp-image-1154\" src=\"http:\/\/biblioteka.witnica.pl\/wp-content\/uploads\/2019\/12\/20191205_112440-225x300.jpg\" alt=\"\" width=\"225\" height=\"300\" srcset=\"http:\/\/biblioteka.witnica.pl\/wp-content\/uploads\/2019\/12\/20191205_112440-225x300.jpg 225w, http:\/\/biblioteka.witnica.pl\/wp-content\/uploads\/2019\/12\/20191205_112440-768x1024.jpg 768w, http:\/\/biblioteka.witnica.pl\/wp-content\/uploads\/2019\/12\/20191205_112440-188x250.jpg 188w\" sizes=\"(max-width: 225px) 100vw, 225px\" \/>Jedena\u015bcie nagr\u00f3d i wyr\u00f3\u017cnie\u0144 zdobyli reprezentanci Miejskiej Biblioteki Publicznej w Witnicy w VII edycji konkursu na recenzj\u0119 \u201eMoje literackie fascynacje\u201d. Jego organizatorem by\u0142a Wojew\u00f3dzka i Miejska Biblioteka Publiczna im. Z. Herberta w Gorzowie Wlkp., a uczestnikami byli cz\u0142onkowie Dyskusyjnych Klub\u00f3w Ksi\u0105\u017cki (DKK). W\u015br\u00f3d czytelnik\u00f3w witnickiej biblioteki nagrodzeni zostali:<\/p>\n<p><strong>W I kategorii wiekowej (do 14 roku \u017cycia):<\/strong><\/p>\n<p><img loading=\"lazy\" class=\"alignnone size-medium wp-image-1148\" src=\"http:\/\/biblioteka.witnica.pl\/wp-content\/uploads\/2019\/12\/D\u0105broszyn-300x225.jpg\" alt=\"\" width=\"300\" height=\"225\" srcset=\"http:\/\/biblioteka.witnica.pl\/wp-content\/uploads\/2019\/12\/D\u0105broszyn-300x225.jpg 300w, http:\/\/biblioteka.witnica.pl\/wp-content\/uploads\/2019\/12\/D\u0105broszyn-333x250.jpg 333w, http:\/\/biblioteka.witnica.pl\/wp-content\/uploads\/2019\/12\/D\u0105broszyn.jpg 585w\" sizes=\"(max-width: 300px) 100vw, 300px\" \/><\/p>\n<p><strong>I miejsce<\/strong><\/p>\n<p>Jakub Strelau z DKK w D\u0105broszynie, ucze\u0144 Szko\u0142y Podstawowej w D\u0105broszynie, za recenzj\u0119 ksi\u0105\u017cki \u201eLudzie ze z\u0142ota\u201d Edyty Kowalczyk<\/p>\n<p><strong>II miejsce<\/strong><\/p>\n<p>Antoni Gura z DKK w D\u0105broszynie, ucze\u0144 Szko\u0142y Podstawowej w D\u0105broszynie, za recenzj\u0119 ksi\u0105\u017cki \u201eCh\u0142opcy z placu Broni\u201d Ferenca Molnara<\/p>\n<p>&nbsp;<\/p>\n<p><strong>III miejsce<\/strong><\/p>\n<p>Hanna Mazurak z DKK w D\u0105broszynie, uczennica Szko\u0142y Podstawowej w D\u0105broszynie, za recenzj\u0119 ksi\u0105\u017cki \u201eIda sierpniowa\u201d Ma\u0142gorzaty Musierowicz<\/p>\n<p>&nbsp;<\/p>\n<p><strong>wyr\u00f3\u017cnienie<\/strong><\/p>\n<p>Antoni Budzianowski z DKK w D\u0105broszynie, ucze\u0144 Szko\u0142y Podstawowej w D\u0105broszynie, za recenzj\u0119 ksi\u0105\u017cki \u201eDoktor Proktor i koniec \u015bwiata. By\u0107 mo\u017ce\u201d Jo Nesbo<\/p>\n<p>Hanna Rosiak z DKK w Witnica Szko\u0142y Podstawowej nr 2 im. J. Wybickiego, za recenzj\u0119 ksi\u0105\u017cki \u201eOpiekunowie Tajemnic. Muzeum Z\u0142odziei\u201d Liana Tannera<\/p>\n<p><img loading=\"lazy\" class=\"alignnone size-medium wp-image-1154\" src=\"http:\/\/biblioteka.witnica.pl\/wp-content\/uploads\/2019\/12\/20191205_112440-225x300.jpg\" alt=\"\" width=\"225\" height=\"300\" srcset=\"http:\/\/biblioteka.witnica.pl\/wp-content\/uploads\/2019\/12\/20191205_112440-225x300.jpg 225w, http:\/\/biblioteka.witnica.pl\/wp-content\/uploads\/2019\/12\/20191205_112440-768x1024.jpg 768w, http:\/\/biblioteka.witnica.pl\/wp-content\/uploads\/2019\/12\/20191205_112440-188x250.jpg 188w\" sizes=\"(max-width: 225px) 100vw, 225px\" \/><\/p>\n<p>Magda Brzezicka z DKK D\u0105broszynie, uczennica Szko\u0142y Podstawowej w D\u0105broszynie, za recenzj\u0119 ksi\u0105\u017cki \u201eSfora\u201d Erin Hunter<\/p>\n<p><strong>W II kategorii wiekowej (od 15 do 19 lat):<\/strong><\/p>\n<p><strong>I miejsce<\/strong><\/p>\n<p>Dorian Skrzypnik z DKK w Witnicy, ucze\u0144 Liceum Og\u00f3lnokszta\u0142c\u0105cego im. M. Kopernika w Zespole Szk\u00f3\u0142 Samorz\u0105dowych w Witnicy, za recenzj\u0119 ksi\u0105\u017cki \u201ePortret Doriana Graya\u201d Oskara Wilde\u2019a<\/p>\n<p><img loading=\"lazy\" class=\"alignnone size-medium wp-image-1143\" src=\"http:\/\/biblioteka.witnica.pl\/wp-content\/uploads\/2019\/12\/DSC05042-297x300.jpg\" alt=\"\" width=\"297\" height=\"300\" srcset=\"http:\/\/biblioteka.witnica.pl\/wp-content\/uploads\/2019\/12\/DSC05042-297x300.jpg 297w, http:\/\/biblioteka.witnica.pl\/wp-content\/uploads\/2019\/12\/DSC05042-768x776.jpg 768w, http:\/\/biblioteka.witnica.pl\/wp-content\/uploads\/2019\/12\/DSC05042-1014x1024.jpg 1014w, http:\/\/biblioteka.witnica.pl\/wp-content\/uploads\/2019\/12\/DSC05042-247x250.jpg 247w\" sizes=\"(max-width: 297px) 100vw, 297px\" \/><\/p>\n<p><strong>II miejsce<\/strong><\/p>\n<p>Eryk Kowalczyk z DKK w Witnicy, ucze\u0144 Technikum Elektrycznego w Gorzowie Wlkp., za recenzj\u0119 ksi\u0105\u017cki \u201eTo\u201d Stephena Kinga<\/p>\n<p><img loading=\"lazy\" class=\"alignnone size-medium wp-image-1144\" src=\"http:\/\/biblioteka.witnica.pl\/wp-content\/uploads\/2019\/12\/DSC05044-257x300.jpg\" alt=\"\" width=\"257\" height=\"300\" srcset=\"http:\/\/biblioteka.witnica.pl\/wp-content\/uploads\/2019\/12\/DSC05044-257x300.jpg 257w, http:\/\/biblioteka.witnica.pl\/wp-content\/uploads\/2019\/12\/DSC05044-768x895.jpg 768w, http:\/\/biblioteka.witnica.pl\/wp-content\/uploads\/2019\/12\/DSC05044-879x1024.jpg 879w, http:\/\/biblioteka.witnica.pl\/wp-content\/uploads\/2019\/12\/DSC05044-215x250.jpg 215w\" sizes=\"(max-width: 257px) 100vw, 257px\" \/><\/p>\n<p><strong>III miejsce<\/strong><\/p>\n<p>Marcelina Szuciak z DKK w Witnicy, studentka Akademii Gorzowskiej, za recenzj\u0119 ksi\u0105\u017cki \u201ePo prostu B\u0105d\u017a\u201d Magdaleny Witkiewicz<\/p>\n<p><strong>wyr\u00f3\u017cnienie<\/strong><\/p>\n<p>Barbara Orszewska w DKK Witnicy, studentka Akademii Gorzowskiej, za recenzj\u0119 ksi\u0105\u017cki \u201e365 dni\u201d Blanki Lipi\u0144skiej<\/p>\n<p><img loading=\"lazy\" class=\"alignnone size-medium wp-image-1146\" src=\"http:\/\/biblioteka.witnica.pl\/wp-content\/uploads\/2019\/12\/DSC05051-300x225.jpg\" alt=\"\" width=\"300\" height=\"225\" srcset=\"http:\/\/biblioteka.witnica.pl\/wp-content\/uploads\/2019\/12\/DSC05051-300x225.jpg 300w, http:\/\/biblioteka.witnica.pl\/wp-content\/uploads\/2019\/12\/DSC05051-768x576.jpg 768w, http:\/\/biblioteka.witnica.pl\/wp-content\/uploads\/2019\/12\/DSC05051-1024x768.jpg 1024w, http:\/\/biblioteka.witnica.pl\/wp-content\/uploads\/2019\/12\/DSC05051-333x250.jpg 333w\" sizes=\"(max-width: 300px) 100vw, 300px\" \/><\/p>\n<p>&nbsp;<\/p>\n<p><strong>W III kategorii wiekowej (od 20 roku \u017cycia):<\/strong><\/p>\n<p><strong>III miejsce<\/strong><\/p>\n<p>Ma\u0142gorzata Musia\u0142 z DKK w Witnicy, z zawodu archiwistka, za recenzj\u0119 ksi\u0105\u017cki \u201ePodzieleni\u201d Neal Shusterman<\/p>\n<p><img loading=\"lazy\" class=\"alignnone size-medium wp-image-1145\" src=\"http:\/\/biblioteka.witnica.pl\/wp-content\/uploads\/2019\/12\/DSC05050-271x300.jpg\" alt=\"\" width=\"271\" height=\"300\" srcset=\"http:\/\/biblioteka.witnica.pl\/wp-content\/uploads\/2019\/12\/DSC05050-271x300.jpg 271w, http:\/\/biblioteka.witnica.pl\/wp-content\/uploads\/2019\/12\/DSC05050-768x851.jpg 768w, http:\/\/biblioteka.witnica.pl\/wp-content\/uploads\/2019\/12\/DSC05050-924x1024.jpg 924w, http:\/\/biblioteka.witnica.pl\/wp-content\/uploads\/2019\/12\/DSC05050-226x250.jpg 226w\" sizes=\"(max-width: 271px) 100vw, 271px\" \/><\/p>\n<p>27 listopada, na uroczysto\u015bci podsumowuj\u0105cej tegoroczn\u0105 edycj\u0119 \u201eLiterackich fascynacji\u201d, nagrodzonym i wyr\u00f3\u017cnionym uczniom wr\u0119czono dyplomy i nagrody-kupony prezentowe do Empiku. Pozostali recenzenci otrzymali dyplomy gratulacyjne.<\/p>\n<p>Biblioteka Wojew\u00f3dzka nagrodzi\u0142a Jakuba Strelaua, Doriana Skrzypnika i Eryka Kowalczyka po raz drugi. Warto te\u017c doda\u0107, \u017ce Hanna Mazurak i Jakub Strelau, laureaci konkursu w I kategorii, s\u0105 laureatami tegorocznej edycji Lubuskiego Konkursu Literackiego, zorganizowanego przez Uniwersytet Zielonog\u00f3rski.<\/p>\n<div class='sfsi_Sicons' style='width: 100%; display: inline-block; vertical-align: middle; text-align:left'><div style='margin:0px 8px 0px 0px; line-height: 24px'><span><\/span><\/div><div class='sfsi_socialwpr'><div class='sf_fb' style='text-align:left;vertical-align: middle;width:98px'><div class=\"fb-like\" href=\"http:\/\/biblioteka.witnica.pl\/?p=1139\" width=\"180\" send=\"false\" showfaces=\"false\"  action=\"like\" data-share=\"true\"data-layout=\"button\" ><\/div><\/div><\/div><\/div>","protected":false},"excerpt":{"rendered":"<p>Jedena\u015bcie nagr\u00f3d i wyr\u00f3\u017cnie\u0144 zdobyli reprezentanci Miejskiej Biblioteki Publicznej w Witnicy w VII edycji konkursu na recenzj\u0119 \u201eMoje literackie fascynacje\u201d. Jego organizatorem by\u0142a Wojew\u00f3dzka i Miejska Biblioteka Publiczna im. Z. &hellip;<\/p>\n","protected":false},"author":2,"featured_media":1148,"comment_status":"open","ping_status":"open","sticky":false,"template":"","format":"standard","meta":[],"categories":[1,5],"tags":[],"_links":{"self":[{"href":"http:\/\/biblioteka.witnica.pl\/index.php?rest_route=\/wp\/v2\/posts\/1139"}],"collection":[{"href":"http:\/\/biblioteka.witnica.pl\/index.php?rest_route=\/wp\/v2\/posts"}],"about":[{"href":"http:\/\/biblioteka.witnica.pl\/index.php?rest_route=\/wp\/v2\/types\/post"}],"author":[{"embeddable":true,"href":"http:\/\/biblioteka.witnica.pl\/index.php?rest_route=\/wp\/v2\/users\/2"}],"replies":[{"embeddable":true,"href":"http:\/\/biblioteka.witnica.pl\/index.php?rest_route=%2Fwp%2Fv2%2Fcomments&post=1139"}],"version-history":[{"count":4,"href":"http:\/\/biblioteka.witnica.pl\/index.php?rest_route=\/wp\/v2\/posts\/1139\/revisions"}],"predecessor-version":[{"id":1155,"href":"http:\/\/biblioteka.witnica.pl\/index.php?rest_route=\/wp\/v2\/posts\/1139\/revisions\/1155"}],"wp:featuredmedia":[{"embeddable":true,"href":"http:\/\/biblioteka.witnica.pl\/index.php?rest_route=\/wp\/v2\/media\/1148"}],"wp:attachment":[{"href":"http:\/\/biblioteka.witnica.pl\/index.php?rest_route=%2Fwp%2Fv2%2Fmedia&parent=1139"}],"wp:term":[{"taxonomy":"category","embeddable":true,"href":"http:\/\/biblioteka.witnica.pl\/index.php?rest_route=%2Fwp%2Fv2%2Fcategories&post=1139"},{"taxonomy":"post_tag","embeddable":true,"href":"http:\/\/biblioteka.witnica.pl\/index.php?rest_route=%2Fwp%2Fv2%2Ftags&post=1139"}],"curies":[{"name":"wp","href":"https:\/\/api.w.org\/{rel}","templated":true}]}}